{"id":5694121,"date":"2023-01-19T10:58:17","date_gmt":"2023-01-19T09:58:17","guid":{"rendered":"https:\/\/www.herreradelduque.com\/?p=5694121"},"modified":"2023-01-19T10:58:17","modified_gmt":"2023-01-19T09:58:17","slug":"plaza-de-arquitecto","status":"publish","type":"post","link":"https:\/\/www.herreradelduque.com\/en\/plaza-de-arquitecto\/","title":{"rendered":"Plaza de arquitecto"},"content":{"rendered":"<p>Consulta las bases de esta nueva plaza de arquitecto para el ayuntamiento <!--more--><\/p>\n<p><span style=\"font-weight: 400;\">Se pone en conocimiento de todos los vecinos y vecinas, que se abre la convocatoria <\/span><span style=\"font-weight: 400;\">selecci\u00f3n mediante concurso oposici\u00f3n, para la contrataci\u00f3n, en r\u00e9gimen laboral temporal de un <\/span><b>ARQUITECTO\/A\u00a0 T\u00c9CNICA MUNICIPAL<\/b><span style=\"font-weight: 400;\"> para el Ayuntamiento de Herrera del Duque.\u00a0<\/span><\/p>\n<p><b>OBJETO<\/b><span style=\"font-weight: 400;\">: Es objeto de las presentes bases la selecci\u00f3n mediante concurso oposici\u00f3n, para la contrataci\u00f3n, en r\u00e9gimen laboral temporal de un <\/span><b>ARQUITECTO\/A T\u00c9CNICA MUNICIPAL<\/b><span style=\"font-weight: 400;\"> para el Ayuntamiento de Herrera del Duque.\u00a0<\/span><\/p>\n<p><span style=\"font-weight: 400;\">La jornada laboral ser\u00e1 de 40 horas semanales, inici\u00e1ndose la contrataci\u00f3n el 02\/02\/2023, siendo la fecha inicial de finalizaci\u00f3n del mismo de tres meses, teniendo la posibilidad de pr\u00f3rroga si as\u00ed lo determinan las necesidades del programa.\u00a0<\/span><\/p>\n<p><span style=\"font-weight: 400;\">La persona contratada percibir\u00e1 la cantidad de 1.237,97 \u20ac brutos mensuales m\u00e1s pagas extraordinarias<\/span><\/p>\n<p><b>CONDICIONES DE LOS ASPIRANTES: <\/b><span style=\"font-weight: 400;\">Para poder ser admitidos a la selecci\u00f3n, los aspirantes deber\u00e1n reunir en la fecha de finalizaci\u00f3n del plazo de presentaci\u00f3n de solicitudes, todos y cada uno de los siguientes requisitos:<\/span><\/p>\n<ol>\n<li><span style=\"font-weight: 400;\">A) Ser espa\u00f1ol\/a, o ciudadano de cualquiera de los Estados miembros de la U.E., o de aquellos Estados a los que, en virtud de tratados internacionales celebrados por la U.E. y ratificados por Espa\u00f1a, le sea de aplicaci\u00f3n la libre circulaci\u00f3n de trabajadores, en los t\u00e9rminos previstos en la Ley 17\/93, de 23 de Diciembre y dem\u00e1s normas concordantes.<\/span><\/li>\n<li><span style=\"font-weight: 400;\">B)\u00a0\u00a0 Ser mayor de 16 a\u00f1os.<\/span><\/li>\n<li><span style=\"font-weight: 400;\">C)\u00a0\u00a0 No padecer enfermedad o defecto f\u00edsico que impida el normal desarrollo de sus funciones.<\/span><\/li>\n<li><span style=\"font-weight: 400;\">D)\u00a0 No haber sido separado de ninguna Administraci\u00f3n P\u00fablica, mediante expediente disciplinario ni hallarse inhabilitado para el ejercicio de funciones p\u00fablicas por sentencia firme.\u00a0\u00a0<\/span><\/li>\n<li><span style=\"font-weight: 400;\">E)\u00a0 Tener total disponibilidad para desempe\u00f1ar su jornada de trabajo de forma partida, si as\u00ed se indica por el Ayuntamiento, as\u00ed como tener total disponibilidad para trabajar durante d\u00edas festivos o fines de semana.<\/span><\/li>\n<li><span style=\"font-weight: 400;\">F) Estar en posesi\u00f3n del <\/span><b>t\u00edtulo de arquitecto\/a t\u00e9cnica o equivalente<\/b><span style=\"font-weight: 400;\">, o el t\u00edtulo de grado que habilite para el ejercicio de esta profesi\u00f3n regulada seg\u00fan establece la normativa vigente.<\/span><\/li>\n<\/ol>\n<p><b>PROCESO DE SELECCI\u00d3N:<\/b><\/p>\n<p><span style=\"font-weight: 400;\">OPOSICI\u00d3N Y CONCURSO.- Seg\u00fan bases, la valoraci\u00f3n se efectuar\u00e1 por el tribunal que se reunir\u00e1 a tal efecto a partir de las <\/span><b>10,00 horas del d\u00eda 27 de enero de 2023<\/b><span style=\"font-weight: 400;\"> en la Sala de Juntas del Ayuntamiento de Herrera del Duque.<\/span><\/p>\n<p><b>RETRIBUCIONES: <\/b><span style=\"font-weight: 400;\">.- La persona contratada percibir\u00e1 la cantidad de 1.237,97 \u20ac brutos mensuales m\u00e1s pagas extraordinarias.<\/span><\/p>\n<p><b>SOLICITUDES: <\/b><span style=\"font-weight: 400;\">Las solicitudes, ajustadas al modelo de instancia que se facilitar\u00e1 al efecto, se presentar\u00e1n en el Registro General de este Ayuntamiento, en horas y d\u00edas h\u00e1biles de oficina, <\/span><b>hasta las 14 horas del d\u00eda 26 de enero del 2023<\/b><span style=\"font-weight: 400;\">, a la que habr\u00e1 que acompa\u00f1ar la documentaci\u00f3n acreditativa del cumplimiento de los requisitos necesarios para ser admitidos, as\u00ed como la de aquella que el aspirante pretenda que sea valorada por el Tribunal, en la fase de concurso.<\/span><\/p>\n<p>&nbsp;<\/p>\n<h3><span style=\"text-decoration: underline;\">CONSULTA LAS BASES<\/span>: <a href=\"http:\/\/www.herreradelduque.com\/wp-content\/uploads\/2023\/01\/BASES-ARQUITECTO-TECNICO-MUNICIPAL-2023-def.docx\" target=\"_blank\" rel=\"noopener\">HAZ CLIC AQU\u00cd<\/a><\/h3>\n","protected":false},"excerpt":{"rendered":"<p>Consulta las bases de esta nueva plaza de arquitecto para el ayuntamiento<\/p>\n","protected":false},"author":1,"featured_media":5694122,"comment_status":"closed","ping_status":"closed","sticky":false,"template":"","format":"standard","meta":[],"categories":[106,11],"tags":[],"_links":{"self":[{"href":"https:\/\/www.herreradelduque.com\/en\/wp-json\/wp\/v2\/posts\/5694121"}],"collection":[{"href":"https:\/\/www.herreradelduque.com\/en\/wp-json\/wp\/v2\/posts"}],"about":[{"href":"https:\/\/www.herreradelduque.com\/en\/wp-json\/wp\/v2\/types\/post"}],"author":[{"embeddable":true,"href":"https:\/\/www.herreradelduque.com\/en\/wp-json\/wp\/v2\/users\/1"}],"replies":[{"embeddable":true,"href":"https:\/\/www.herreradelduque.com\/en\/wp-json\/wp\/v2\/comments?post=5694121"}],"version-history":[{"count":1,"href":"https:\/\/www.herreradelduque.com\/en\/wp-json\/wp\/v2\/posts\/5694121\/revisions"}],"predecessor-version":[{"id":5694126,"href":"https:\/\/www.herreradelduque.com\/en\/wp-json\/wp\/v2\/posts\/5694121\/revisions\/5694126"}],"wp:featuredmedia":[{"embeddable":true,"href":"https:\/\/www.herreradelduque.com\/en\/wp-json\/wp\/v2\/media\/5694122"}],"wp:attachment":[{"href":"https:\/\/www.herreradelduque.com\/en\/wp-json\/wp\/v2\/media?parent=5694121"}],"wp:term":[{"taxonomy":"category","embeddable":true,"href":"https:\/\/www.herreradelduque.com\/en\/wp-json\/wp\/v2\/categories?post=5694121"},{"taxonomy":"post_tag","embeddable":true,"href":"https:\/\/www.herreradelduque.com\/en\/wp-json\/wp\/v2\/tags?post=5694121"}],"curies":[{"name":"wp","href":"https:\/\/api.w.org\/{rel}","templated":true}]}}