{"id":5694263,"date":"2023-02-22T11:25:16","date_gmt":"2023-02-22T10:25:16","guid":{"rendered":"https:\/\/www.herreradelduque.com\/?p=5694263"},"modified":"2023-02-22T11:29:54","modified_gmt":"2023-02-22T10:29:54","slug":"carrera-por-el-agua-2023","status":"publish","type":"post","link":"https:\/\/www.herreradelduque.com\/en\/carrera-por-el-agua-2023\/","title":{"rendered":"Carrera por el Agua 2023"},"content":{"rendered":"<p>Bases e inscripciones para la Carrera del Agua 2023<!--more--><\/p>\n<h4><b>INSCRIPCIONES GRATUITAS: <a href=\"https:\/\/inscripciones.pulsaciones.net\/inscripcion\/carrera-por-el-agua-2023\/inscripcion_datos\/?lang=es\" target=\"_blank\" rel=\"noopener\">Haciendo clic aqu\u00ed<\/a><\/b><\/h4>\n<h4><b>BASES DE PARTICIPACI\u00d3N<\/b><\/h4>\n<p><b>Art\u00edculo 1. Organizaci\u00f3n:\u00a0\u00a0<\/b><\/p>\n<p><span style=\"font-weight: 400;\">La CARRERA POR EL AGUA est\u00e1 organiza por el Excmo. Ayuntamiento de Herrera del Duque,\u00a0 con la colaboraci\u00f3n de Diputaci\u00f3n de Badajoz y la Junta de Extremadura.\u00a0<\/span><\/p>\n<p><span style=\"font-weight: 400;\">El evento se celebrar\u00e1 el 26 de marzo de 2023 en la Playa de Peloche de la localidad de Herrera\u00a0 del Duque, a partir de las 10.30 h.\u00a0<\/span><\/p>\n<p><span style=\"font-weight: 400;\">M\u00e1s informaci\u00f3n referente a la carrera en las p\u00e1ginas <\/span><a href=\"https:\/\/www.herreradelduque.com\" target=\"_blank\" rel=\"noopener\"><span style=\"font-weight: 400;\">www.herreradelduque.com <\/span><\/a><span style=\"font-weight: 400;\">y\u00a0 <\/span><a href=\"https:\/\/www.pulsaciones.net\/\" target=\"_blank\" rel=\"noopener\"><span style=\"font-weight: 400;\">pulsaciones.net <\/span><\/a><span style=\"font-weight: 400;\">o gimnasio municipal y piscina climatizada de Herrera del Duque.\u00a0<\/span><\/p>\n<p><b>Art\u00edculo 2. Datos del circuito:\u00a0<\/b><\/p>\n<p><span style=\"font-weight: 400;\">La carrera transcurrir\u00e1 por las inmediaciones del pantano de Garc\u00eda Sola, teniendo la salida y la\u00a0 meta en la Playa de Peloche. El recorrido se desarrollar\u00e1 por asfalto y tierra.\u00a0\u00a0<\/span><\/p>\n<p><span style=\"font-weight: 400;\">Para la categor\u00eda Absoluta, la carrera tendr\u00e1 una distancia de 8 km.\u00a0<\/span><\/p>\n<p><span style=\"font-weight: 400;\">Para las categor\u00edas Cadete e Infantil, la carrera tendr\u00e1 una distancia de 2 km.\u00a0<\/span><\/p>\n<p><span style=\"font-weight: 400;\">Para las categor\u00edas Alev\u00edn y Benjam\u00edn, la carrera tendr\u00e1 una distancia de 1 km.\u00a0<\/span><\/p>\n<p><span style=\"font-weight: 400;\">El recorrido estar\u00e1 abierto al tr\u00e1fico, por lo que debe atender a las indicaciones de Polic\u00eda\u00a0 Local, Guardia Civil y voluntariado, que velar\u00e1n por la seguridad de la prueba y el buen\u00a0 funcionamiento.\u00a0<\/span><\/p>\n<p><span style=\"font-weight: 400;\">En la meta se contar\u00e1 con avituallamiento.\u00a0<\/span><\/p>\n<p><b>Art\u00edculo 3. Categor\u00edas de la \u201cCarrera por el agua\u201d.\u00a0<\/b><\/p>\n<p><span style=\"font-weight: 400;\">Absoluto masculino y femenino de 16 a\u00f1os en adelante.\u00a0\u00a0<\/span><\/p>\n<p><span style=\"font-weight: 400;\">Cadete masculino y femenino, los que cumplen durante el a\u00f1o 14 y 15 a\u00f1os.\u00a0<\/span><\/p>\n<p><span style=\"font-weight: 400;\">Infantil masculino y femenino, los que cumplen durante el a\u00f1o 12 y 13 a\u00f1os.\u00a0<\/span><\/p>\n<p><span style=\"font-weight: 400;\">Alev\u00edn masculino y femenino, los que cumplen durante el a\u00f1o 11 y 10 a\u00f1os.\u00a0<\/span><\/p>\n<p><span style=\"font-weight: 400;\">Benjam\u00edn masculino y femenino, los que cumplen durante el a\u00f1o 9 y 8 a\u00f1os.\u00a0<\/span><\/p>\n<p><span style=\"font-weight: 400;\">Las carreras de menores son de promoci\u00f3n, solo se pretende que los j\u00f3venes de la localidad\u00a0 realicen deporte.<\/span><\/p>\n<p><b>Art\u00edculo 4. Horarios y distancias:\u00a0<\/b><\/p>\n<p><span style=\"font-weight: 400;\">Orden de las carreras, hora de salida, categor\u00edas:\u00a0<\/span><\/p>\n<p><span style=\"font-weight: 400;\">10.30h, salida de categor\u00edas Benjam\u00edn y Alev\u00edn (1 km).\u00a0<\/span><\/p>\n<p><span style=\"font-weight: 400;\">11.00h, salida de categor\u00edas Infantil y Cadete (2km).\u00a0<\/span><\/p>\n<p><span style=\"font-weight: 400;\">11.30h, salida de categor\u00eda absoluta (8 km).\u00a0<\/span><\/p>\n<p><span style=\"font-weight: 400;\">El tiempo l\u00edmite para finalizar la carrera ser\u00e1 de 50 minutos.\u00a0<\/span><\/p>\n<p><b>Art\u00edculo 5. Premios.\u00a0<\/b><\/p>\n<p><span style=\"font-weight: 400;\">Los premios ser\u00e1n los siguientes:\u00a0<\/span><\/p>\n<p><span style=\"font-weight: 400;\">Categor\u00eda Absoluto masculino 1\u00ba 300\u20ac + trofeo; 2\u00ba 200\u20ac + trofeo y 3\u00ba 100\u20ac + trofeo.\u00a0 Categor\u00eda Absoluto femenino 1\u00ba 300\u20ac + trofeo; 2\u00ba 200\u20ac + trofeo y 3\u00ba 100\u20ac + trofeo.\u00a0\u00a0<\/span><\/p>\n<p><span style=\"font-weight: 400;\">Para las categor\u00edas cadete masculino, cadete femenino, infantil masculino, infantil femenino,\u00a0 alev\u00edn masculino, alev\u00edn femenino, benjam\u00edn masculino y benjam\u00edn femenino, habr\u00e1 trofeo a\u00a0 los 3 primeros clasificados.\u00a0\u00a0<\/span><\/p>\n<p><span style=\"font-weight: 400;\">Nota: los premios se realizaran en el acto de entrega al finalizar la prueba, siendo obligatorio\u00a0 asistir para recoger el premio. El pago se realizar\u00e1 en efectivo.\u00a0<\/span><\/p>\n<p><b>Art\u00edculo 6. Inscripciones y forma de pago:\u00a0<\/b><\/p>\n<p><span style=\"font-weight: 400;\">La inscripci\u00f3n ser\u00e1 gratuita y podr\u00e1 realizarse hasta el jueves 23 de marzo de 2023 a las 23.59h.\u00a0 Las inscripciones se realizar\u00e1n en la web www.pulsaciones.net.\u00a0\u00a0<\/span><\/p>\n<p><span style=\"font-weight: 400;\">La entrega de dorsales se realizar\u00e1 el 26 de marzo de 2022 en la Playa de Peloche a partir de\u00a0 las 9.30h.\u00a0<\/span><\/p>\n<p><b>Art\u00edculo 7. Avituallamiento.\u00a0<\/b><\/p>\n<p><span style=\"font-weight: 400;\">Habr\u00e1 avituallamiento l\u00edquido y solido en la meta.\u00a0<\/span><\/p>\n<p><b>Art\u00edculo 8. Asistencia m\u00e9dica y seguros:\u00a0\u00a0<\/b><\/p>\n<p><span style=\"font-weight: 400;\">La prueba tiene contratado un seguro de responsabilidad civil, atendiendo a la normativa\u00a0 vigente para pruebas deportivas.\u00a0<\/span><\/p>\n<p><span style=\"font-weight: 400;\">La prueba tiene asistencia m\u00e9dica a trav\u00e9s de los servicios de Cruz Roja.\u00a0<\/span><\/p>\n<p><b>Art\u00edculo 9. Control de la prueba.\u00a0<\/b><\/p>\n<p><span style=\"font-weight: 400;\">Para participar legalmente, estando asegurado y apareciendo en las clasificaciones, ser\u00e1\u00a0 obligatorio pasar por el control de salida.\u00a0<\/span><\/p>\n<p><span style=\"font-weight: 400;\">La organizaci\u00f3n declina cualquier responsabilidad con aquellos corredores que no pasen dicho\u00a0 control o incumplan las normas emitidas por la organizaci\u00f3n y\/o jueces de la prueba.\u00a0\u00a0<\/span><\/p>\n<p><span style=\"font-weight: 400;\">Podr\u00e1 ser descalificado cualquier atleta que:\u00a0\u00a0<\/span><\/p>\n<p><span style=\"font-weight: 400;\">No complete el recorrido oficial de la prueba.\u00a0<\/span><\/p>\n<p><span style=\"font-weight: 400;\">Utilice sustancias prohibidas.\u00a0<\/span><\/p>\n<p><span style=\"font-weight: 400;\">Corra sin dorsal.\u00a0<\/span><\/p>\n<p><span style=\"font-weight: 400;\">Corra con el dorsal de otro corredor.\u00a0<\/span><\/p>\n<p><span style=\"font-weight: 400;\">Modifique, deteriore o manipule el dorsal asignado o no utilice el sistema de control\u00a0 por chip asignado por la organizaci\u00f3n.\u00a0<\/span><\/p>\n<p><b>Art\u00edculo 10. Reclamaciones:\u00a0\u00a0<\/b><\/p>\n<p><span style=\"font-weight: 400;\">Las reclamaciones relacionadas con la organizaci\u00f3n de la prueba, se dirigir\u00e1n al propio\u00a0 organizador.\u00a0\u00a0<\/span><\/p>\n<p><span style=\"font-weight: 400;\">Las cuestiones estrictamente deportivas, ser\u00e1n dirigidas al Juez \u00c1rbitro de la prueba, hasta 30\u00a0 minutos despu\u00e9s de la publicaci\u00f3n oficial de los resultados.\u00a0<\/span><\/p>\n<p><b>Art\u00edculo 11. Aceptaci\u00f3n del reglamento.\u00a0<\/b><\/p>\n<p><span style=\"font-weight: 400;\">La participaci\u00f3n en la prueba supone la aceptaci\u00f3n del presente reglamento.\u00a0\u00a0<\/span><\/p>\n<p><span style=\"font-weight: 400;\">La organizaci\u00f3n podr\u00e1 solicitar en cualquier momento la acreditaci\u00f3n de los datos rese\u00f1ados\u00a0 en la inscripci\u00f3n. La irregularidad o falsificaci\u00f3n de los mismos podr\u00e1 provocar la\u00a0\u00a0<\/span><\/p>\n<p><span style=\"font-weight: 400;\">descalificaci\u00f3n.\u00a0<\/span><\/p>\n<p><b>Art\u00edculo 12. Derechos de imagen.\u00a0<\/b><\/p>\n<p><span style=\"font-weight: 400;\">El participante acepta que el organizador capte im\u00e1genes de la prueba.\u00a0\u00a0<\/span><\/p>\n<p><span style=\"font-weight: 400;\">El participante acepta la difusi\u00f3n de las mismas a trav\u00e9s de los medios legalmente\u00a0 establecidos. <\/span><\/p>\n","protected":false},"excerpt":{"rendered":"<p>Bases e inscripciones para la Carrera del Agua 2023<\/p>\n","protected":false},"author":1,"featured_media":5692414,"comment_status":"closed","ping_status":"closed","sticky":false,"template":"","format":"standard","meta":[],"categories":[12],"tags":[],"_links":{"self":[{"href":"https:\/\/www.herreradelduque.com\/en\/wp-json\/wp\/v2\/posts\/5694263"}],"collection":[{"href":"https:\/\/www.herreradelduque.com\/en\/wp-json\/wp\/v2\/posts"}],"about":[{"href":"https:\/\/www.herreradelduque.com\/en\/wp-json\/wp\/v2\/types\/post"}],"author":[{"embeddable":true,"href":"https:\/\/www.herreradelduque.com\/en\/wp-json\/wp\/v2\/users\/1"}],"replies":[{"embeddable":true,"href":"https:\/\/www.herreradelduque.com\/en\/wp-json\/wp\/v2\/comments?post=5694263"}],"version-history":[{"count":5,"href":"https:\/\/www.herreradelduque.com\/en\/wp-json\/wp\/v2\/posts\/5694263\/revisions"}],"predecessor-version":[{"id":5694268,"href":"https:\/\/www.herreradelduque.com\/en\/wp-json\/wp\/v2\/posts\/5694263\/revisions\/5694268"}],"wp:featuredmedia":[{"embeddable":true,"href":"https:\/\/www.herreradelduque.com\/en\/wp-json\/wp\/v2\/media\/5692414"}],"wp:attachment":[{"href":"https:\/\/www.herreradelduque.com\/en\/wp-json\/wp\/v2\/media?parent=5694263"}],"wp:term":[{"taxonomy":"category","embeddable":true,"href":"https:\/\/www.herreradelduque.com\/en\/wp-json\/wp\/v2\/categories?post=5694263"},{"taxonomy":"post_tag","embeddable":true,"href":"https:\/\/www.herreradelduque.com\/en\/wp-json\/wp\/v2\/tags?post=5694263"}],"curies":[{"name":"wp","href":"https:\/\/api.w.org\/{rel}","templated":true}]}}