{"id":5694894,"date":"2023-03-02T11:13:25","date_gmt":"2023-03-02T10:13:25","guid":{"rendered":"https:\/\/www.herreradelduque.com\/?p=5694894"},"modified":"2023-03-06T11:16:09","modified_gmt":"2023-03-06T10:16:09","slug":"semana-de-la-mujer-2023","status":"publish","type":"post","link":"https:\/\/www.herreradelduque.com\/en\/semana-de-la-mujer-2023\/","title":{"rendered":"Semana de la Mujer 2023"},"content":{"rendered":"<p>Programaci\u00f3n en torno al 8 de marzo de 2023, D\u00eda Internacional de la Mujer<!--more--><\/p>\n<p><b>LUNES 6 MARZO<\/b><\/p>\n<p><b>MUJER Y DEPORTE. \u201cACTIVATE\u201d\u00a0<\/b><\/p>\n<p><span style=\"font-weight: 400;\">Dirige: Teresa Calder\u00f3n. Monitora deportiva\u00a0<\/span><\/p>\n<p><span style=\"font-weight: 400;\">Hora: 11:00h<\/span><\/p>\n<p><span style=\"font-weight: 400;\">A continuaci\u00f3n se realizar\u00e1 un desayuno saludable a cargo del T\u00e9cnico de Ciudades Saludables \u00c1lvaro S\u00e1nchez.\u00a0<\/span><\/p>\n<p><b>AUTOCUIDADO DE LA MUJER EN PERIMENOPAUSIA, MENOPAUSIA Y POSTMENOPAUSIA.<\/b><\/p>\n<p><span style=\"font-weight: 400;\">Dirige: Farmac\u00e9utica Mar\u00eda L\u00f3pez Gonz\u00e1lez. Farmacia de la Plaza.\u00a0<\/span><\/p>\n<p><span style=\"font-weight: 400;\">Hora: 17:00h<\/span><\/p>\n<p><span style=\"font-weight: 400;\">Lugar: Palacio de la Cultur<\/span><\/p>\n<p><b>MARTES 7 MARZO<\/b><\/p>\n<p><b>TALLER RISOTERAPIA<\/b><\/p>\n<p><span style=\"font-weight: 400;\">Dirigido por: Nuria Ayuso. Profesora de Teatro<\/span><\/p>\n<p><span style=\"font-weight: 400;\">Hora:<\/span><\/p>\n<p><span style=\"font-weight: 400;\">PRIMER TURNO: 16:30h a 18:00h<\/span><\/p>\n<p><span style=\"font-weight: 400;\">SEGUNDO TURNO: 18:30h a 20:00h<\/span><\/p>\n<p><span style=\"font-weight: 400;\">Lugar: Palacio de la Cultura<\/span><\/p>\n<p><b>MIERCOLES 8 MARZO. DIA DE LA MUJER<\/b><\/p>\n<p><b>MARCHA DE LA MUJER. \u201cRUTA LOS CHARCONES<\/b><span style=\"font-weight: 400;\">\u201d.<\/span><\/p>\n<p><b>LECTURA DEL MANIFIESTO<\/b><\/p>\n<p><span style=\"font-weight: 400;\">Finalizaremos con caf\u00e9 y pastas para todas las participantes.<\/span><\/p>\n<p><span style=\"font-weight: 400;\">Lugar: Salida desde el Ayuntamiento y finalizaremos en el Palacio de la Cultura.<\/span><\/p>\n<p><span style=\"font-weight: 400;\">Hora: 16:30h<\/span><\/p>\n<p><b>(* Se repartir\u00e1n camisetas para todas las asistentes)<\/b><\/p>\n<p><b>EXPOSICI\u00d3N MUJER RURAL<\/b><span style=\"font-weight: 400;\">. Asociaci\u00f3n de Mujeres. \u201cFlor de Jara\u201d\u00a0<\/span><\/p>\n<p><span style=\"font-weight: 400;\">Hora: 18:30h<\/span><\/p>\n<p><span style=\"font-weight: 400;\">Lugar: Palacio de la Cultura<\/span><\/p>\n<p><b>JUEVES 9 MARZO<\/b><\/p>\n<p><b>SCAPE ROOM. ISABEL RAI. Juego para trabajar conceptos sobre igualdad y\u00a0 empoderamiento de la mujer.\u00a0<\/b><\/p>\n<p><span style=\"font-weight: 400;\">Dirigido por: T\u00e9cnicas Oficina Igualdad y Violencia de g\u00e9nero de Mancomunidad de Siberia y C\u00edjara.\u00a0<\/span><\/p>\n<p><span style=\"font-weight: 400;\">Hora: 17:00h<\/span><\/p>\n<p><span style=\"font-weight: 400;\">Lugar: Palacio de la Cultura<\/span><\/p>\n<p><b>VIERNES 10 MARZO<\/b><\/p>\n<p><b>COMIDA DE CONVIVENCIA. D\u00cdA DE LA MUJER 2023<\/b><\/p>\n<p><span style=\"font-weight: 400;\">Hora: 14:30h<\/span><\/p>\n<p><span style=\"font-weight: 400;\">Lugar: Salones Ismael<\/span><\/p>\n<p><span style=\"font-weight: 400;\">*Terminaremos con animaci\u00f3n Pove y Paula. Profesores de baile<\/span><\/p>\n<p><b>ACTO INSTITUCIONAL. MADRINA 2023<\/b><\/p>\n<ul>\n<li style=\"font-weight: 400;\" aria-level=\"1\"><span style=\"font-weight: 400;\">Intervenci\u00f3n musical por grupo de c\u00e1mara de mujeres de la Escuela Municipal de M\u00fasica.<\/span><\/li>\n<li style=\"font-weight: 400;\" aria-level=\"1\"><span style=\"font-weight: 400;\">Presentaci\u00f3n MADRINA 2023<\/span><\/li>\n<li style=\"font-weight: 400;\" aria-level=\"1\"><span style=\"font-weight: 400;\">Proyecci\u00f3n video de la Mujer<\/span><\/li>\n<li style=\"font-weight: 400;\" aria-level=\"1\"><span style=\"font-weight: 400;\">Video \u201c8 MARZO\u201d. Elaborado por la Asociaci\u00f3n Coleccionistas de palabras.\u00a0<\/span><\/li>\n<\/ul>\n<p><span style=\"font-weight: 400;\">Lugar: Palacio de la Cultura<\/span><\/p>\n<p><span style=\"font-weight: 400;\">Hora: 18:30h<\/span><\/p>\n<p><span style=\"font-weight: 400;\">A CONTINUACI\u00d3N: <\/span><b>Actuaci\u00f3n F\u00e1tima Risco. \u201cDesde el alma\u201d.<\/b><span style=\"font-weight: 400;\">\u00a0<\/span><\/p>\n<p><b>S\u00c1BADO 11 MARZO<\/b><\/p>\n<p><b>YOGA Y AROMATERAPIA<\/b><\/p>\n<p><span style=\"font-weight: 400;\">Dirige: Celia Carrasco Carde\u00f1osa. Profesora Yoga Siberia<\/span><\/p>\n<p><span style=\"font-weight: 400;\">Hora:<\/span><\/p>\n<p><span style=\"font-weight: 400;\">PRIMER TURNO: 10:15h a 11:30h\u00a0<\/span><\/p>\n<p><span style=\"font-weight: 400;\">SEGUNDO TURNO: 11:30h A 13:00h<\/span><\/p>\n<p><span style=\"font-weight: 400;\">Lugar: Sala piscina climatizada<\/span><\/p>\n<p><b>OBRA\u00a0 DE TEATRO. \u201cESPERANDO LA CARROZA\u201d<\/b><\/p>\n<p><span style=\"font-weight: 400;\">Hora: 20:30h<\/span><\/p>\n<p><span style=\"font-weight: 400;\">Lugar: Palacio de la Cultura<\/span><\/p>\n<p><span style=\"font-weight: 400;\">Precio: 3Euros.<\/span><\/p>\n<p><span style=\"font-weight: 400;\">*<\/span><b>Inscripci\u00f3n de las actividades\u00a0 en las Oficinas del Ayuntamiento y\/o en el Palacio de la Cultura hasta el viernes 3 de marzo.<\/b><\/p>\n","protected":false},"excerpt":{"rendered":"<p>Programaci&oacute;n en torno al 8 de marzo de 2023, D&iacute;a Internacional de la Mujer<\/p>\n","protected":false},"author":1,"featured_media":5694895,"comment_status":"closed","ping_status":"closed","sticky":false,"template":"","format":"standard","meta":[],"categories":[9,15],"tags":[],"_links":{"self":[{"href":"https:\/\/www.herreradelduque.com\/en\/wp-json\/wp\/v2\/posts\/5694894"}],"collection":[{"href":"https:\/\/www.herreradelduque.com\/en\/wp-json\/wp\/v2\/posts"}],"about":[{"href":"https:\/\/www.herreradelduque.com\/en\/wp-json\/wp\/v2\/types\/post"}],"author":[{"embeddable":true,"href":"https:\/\/www.herreradelduque.com\/en\/wp-json\/wp\/v2\/users\/1"}],"replies":[{"embeddable":true,"href":"https:\/\/www.herreradelduque.com\/en\/wp-json\/wp\/v2\/comments?post=5694894"}],"version-history":[{"count":1,"href":"https:\/\/www.herreradelduque.com\/en\/wp-json\/wp\/v2\/posts\/5694894\/revisions"}],"predecessor-version":[{"id":5694897,"href":"https:\/\/www.herreradelduque.com\/en\/wp-json\/wp\/v2\/posts\/5694894\/revisions\/5694897"}],"wp:featuredmedia":[{"embeddable":true,"href":"https:\/\/www.herreradelduque.com\/en\/wp-json\/wp\/v2\/media\/5694895"}],"wp:attachment":[{"href":"https:\/\/www.herreradelduque.com\/en\/wp-json\/wp\/v2\/media?parent=5694894"}],"wp:term":[{"taxonomy":"category","embeddable":true,"href":"https:\/\/www.herreradelduque.com\/en\/wp-json\/wp\/v2\/categories?post=5694894"},{"taxonomy":"post_tag","embeddable":true,"href":"https:\/\/www.herreradelduque.com\/en\/wp-json\/wp\/v2\/tags?post=5694894"}],"curies":[{"name":"wp","href":"https:\/\/api.w.org\/{rel}","templated":true}]}}