{"id":5697735,"date":"2023-05-09T14:33:05","date_gmt":"2023-05-09T12:33:05","guid":{"rendered":"https:\/\/www.herreradelduque.com\/?p=5697735"},"modified":"2023-05-09T14:33:24","modified_gmt":"2023-05-09T12:33:24","slug":"plaza-de-socorrista","status":"publish","type":"post","link":"https:\/\/www.herreradelduque.com\/en\/plaza-de-socorrista\/","title":{"rendered":"Plazas de socorrista"},"content":{"rendered":"<p>Consulta todos los detalles sobre estas nuevas plazas de empleo<!--more--><\/p>\n<p><span style=\"font-weight: 400;\">Pongo en conocimiento de todos los vecinos y vecinas, que se abre la convocatoria para la selecci\u00f3n de <\/span><b>TRES PLAZAS DE SOCORRISTAS <\/b><span style=\"font-weight: 400;\">para el Ayuntamiento de Herrera del Duque para la temporada de verano 2023.<\/span><\/p>\n<p><b>OBJETO<\/b><span style=\"font-weight: 400;\">: Se abre convocatoria para la selecci\u00f3n a trav\u00e9s de procedimiento de concurso de m\u00e9ritos con entrevista curricular, para su contrataci\u00f3n como personal laboral, a jornada completa de <\/span><b>tres plazas de socorristas <\/b><span style=\"font-weight: 400;\">para el Ayuntamiento\u00a0 de <\/span><span style=\"font-weight: 400;\">Herrera del Duque para la temporada de verano 2023. Quedando en bolsa de trabajo el <\/span><span style=\"font-weight: 400;\">resto de aspirantes que cumplan con los requisitos establecidos<\/span><\/p>\n<p><b>CONDICIONES DE LOS ASPIRANTES: <\/b><span style=\"font-weight: 400;\">Para poder ser admitidos a la selecci\u00f3n, los aspirantes deber\u00e1n reunir en la fecha de finalizaci\u00f3n del plazo de presentaci\u00f3n de solicitudes, todos y cada uno de los siguientes requisitos:<\/span><\/p>\n<p><span style=\"font-weight: 400;\">A.- Ser espa\u00f1ol y mayor de edad, sin perjuicio de lo dispuesto en la legalidad vigente para el acceso de nacionales de los Estados miembros, as\u00ed como los extranjeros residentes en Espa\u00f1a que re\u00fanan los requisitos exigidos en la Ley Org\u00e1nica 4\/2000.<\/span><\/p>\n<p><span style=\"font-weight: 400;\">B.-No estar incurso en ninguna causa de inhabilitaci\u00f3n o incompatibilidad legal para el desempe\u00f1o de la funci\u00f3n p\u00fablica, ni haber sido sancionado con Despido Disciplinario.<\/span><\/p>\n<p><span style=\"font-weight: 400;\">D.- Cumplir las condiciones f\u00edsicas y ps\u00edquicas exigibles para ejercer adecuadamente las correspondientes funciones asignadas.<\/span><\/p>\n<p><span style=\"font-weight: 400;\">E.- Ser demandante de empleo o mejora de empleo.<\/span><\/p>\n<p><span style=\"font-weight: 400;\">Los requisitos para concurrir est\u00e1n referidos al \u00faltimo d\u00eda de presentaci\u00f3n de instancias.<\/span><\/p>\n<h1><b>PROCESO DE SELECCI\u00d3N:<\/b><\/h1>\n<p><span style=\"font-weight: 400;\">VALORACI\u00d3N DE M\u00c9RITOS Y ENTREVISTA CURRICULAR.- Seg\u00fan bases, la<\/span><\/p>\n<p><span style=\"font-weight: 400;\">entrevista se efectuar\u00e1 por el tribunal que se reunir\u00e1 a tal efecto a partir de las <\/span><b>11,00<\/b> <b>horas del d\u00eda 20 de junio de 2023<\/b> <span style=\"font-weight: 400;\">en la Sala de Juntas del Ayuntamiento de Herrera del Duque.<\/span><\/p>\n<p><b>RETRIBUCIONES: <\/b><span style=\"font-weight: 400;\">.- Las personas contratadas, percibir\u00e1n el S.M.I., Brutos mensuales incluida paga extra<\/span><\/p>\n<p><b>SOLICITUDES: <\/b><span style=\"font-weight: 400;\">Las solicitudes, ajustadas al modelo de instancia que se facilitar\u00e1 al efecto, se presentar\u00e1n en el Registro General de este Ayuntamiento, en horas y d\u00edas h\u00e1biles de oficina, <\/span><b>hasta las 15 horas del d\u00eda 16 junio de 2023<\/b><span style=\"font-weight: 400;\">, a la que habr\u00e1 que acompa\u00f1ar la documentaci\u00f3n acreditativa del cumplimiento de los requisitos necesarios para ser admitidos, as\u00ed como la de aquella que el aspirante pretenda que sea valorada por el Tribunal, en la fase de concurso.<\/span><\/p>\n","protected":false},"excerpt":{"rendered":"<p>Consulta todos los detalles sobre estas nuevas plazas de empleo<\/p>\n","protected":false},"author":1,"featured_media":5651214,"comment_status":"closed","ping_status":"closed","sticky":false,"template":"","format":"standard","meta":[],"categories":[11],"tags":[],"_links":{"self":[{"href":"https:\/\/www.herreradelduque.com\/en\/wp-json\/wp\/v2\/posts\/5697735"}],"collection":[{"href":"https:\/\/www.herreradelduque.com\/en\/wp-json\/wp\/v2\/posts"}],"about":[{"href":"https:\/\/www.herreradelduque.com\/en\/wp-json\/wp\/v2\/types\/post"}],"author":[{"embeddable":true,"href":"https:\/\/www.herreradelduque.com\/en\/wp-json\/wp\/v2\/users\/1"}],"replies":[{"embeddable":true,"href":"https:\/\/www.herreradelduque.com\/en\/wp-json\/wp\/v2\/comments?post=5697735"}],"version-history":[{"count":2,"href":"https:\/\/www.herreradelduque.com\/en\/wp-json\/wp\/v2\/posts\/5697735\/revisions"}],"predecessor-version":[{"id":5697737,"href":"https:\/\/www.herreradelduque.com\/en\/wp-json\/wp\/v2\/posts\/5697735\/revisions\/5697737"}],"wp:featuredmedia":[{"embeddable":true,"href":"https:\/\/www.herreradelduque.com\/en\/wp-json\/wp\/v2\/media\/5651214"}],"wp:attachment":[{"href":"https:\/\/www.herreradelduque.com\/en\/wp-json\/wp\/v2\/media?parent=5697735"}],"wp:term":[{"taxonomy":"category","embeddable":true,"href":"https:\/\/www.herreradelduque.com\/en\/wp-json\/wp\/v2\/categories?post=5697735"},{"taxonomy":"post_tag","embeddable":true,"href":"https:\/\/www.herreradelduque.com\/en\/wp-json\/wp\/v2\/tags?post=5697735"}],"curies":[{"name":"wp","href":"https:\/\/api.w.org\/{rel}","templated":true}]}}