{"id":5697738,"date":"2023-05-09T14:37:12","date_gmt":"2023-05-09T12:37:12","guid":{"rendered":"https:\/\/www.herreradelduque.com\/?p=5697738"},"modified":"2023-05-09T14:37:12","modified_gmt":"2023-05-09T12:37:12","slug":"programacion-xiii-feria-ganadera-y-agroturistica-2023","status":"publish","type":"post","link":"https:\/\/www.herreradelduque.com\/en\/programacion-xiii-feria-ganadera-y-agroturistica-2023\/","title":{"rendered":"Programaci\u00f3n XIII Feria Ganadera y Agrotur\u00edstica 2023"},"content":{"rendered":"<p>Consulta el programa completo de la nueva edici\u00f3n 2023 de la Feria Ganadera y Agrotur\u00edstica 2023<!--more--><\/p>\n<p><strong>JUEVES 11 DE MAYO<\/strong><\/p>\n<p><span style=\"font-weight: 400;\">19:30 h. INAUGURACI\u00d3N a cargo de Autoridades.<\/span><\/p>\n<p><span style=\"font-weight: 400;\">Actuaci\u00f3n a cargo de la Banda Municipal de M\u00fasica de Herrera del Duque.<\/span><\/p>\n<p><span style=\"font-weight: 400;\">Actuaci\u00f3n del Grupo Folklore \u201cLa Cantarera\u201d.<\/span><\/p>\n<p><span style=\"font-weight: 400;\">Lugar: Carpa institucional.<\/span><\/p>\n<p><span style=\"font-weight: 400;\">20:00 h. Visita Institucional y espacio de intercambio con expositores.\u00a0<\/span><\/p>\n<p><span style=\"font-weight: 400;\">22:00 h. Concierto \u201cCamela\u201d.\u00a0<\/span><\/p>\n<p><span style=\"font-weight: 400;\">Lugar: Plaza de Toros.<\/span><\/p>\n<p><span style=\"font-weight: 400;\">00:30 h. Concierto \u201cLong Play\u201d.\u00a0<\/span><\/p>\n<p><span style=\"font-weight: 400;\">A continuaci\u00f3n Fiesta DJ\u2019S.\u00a0<\/span><\/p>\n<p><span style=\"font-weight: 400;\">Lugar: Caseta Municipal.<\/p>\n<p><\/span><\/p>\n<p><strong>VIERNES 12 DE MAYO<\/strong><\/p>\n<p><span style=\"font-weight: 400;\">10:00 h. Visita Miel Virgen de Extremadura.\u00a0<\/span><\/p>\n<p><span style=\"font-weight: 400;\">Salida: Recinto Ferial.<\/span><\/p>\n<p><span style=\"font-weight: 400;\">10:00 h. Sorteo de puestos III Marat\u00f3n Carpfishing.\u00a0<\/span><\/p>\n<p><span style=\"font-weight: 400;\">Lugar: Carpa institucional.<\/span><\/p>\n<p>&nbsp;<\/p>\n<p><span style=\"font-weight: 400;\">10:00 h. Espacio del Mayor.\u00a0<\/span><\/p>\n<p><span style=\"font-weight: 400;\">Juegos de Mesa y Manualidades con Cera de Abeja.<\/span><\/p>\n<p><span style=\"font-weight: 400;\">Colabora: Escuela Profesional Dual de Atenci\u00f3n Sociosanitaria en domicilios.<\/span><\/p>\n<p><span style=\"font-weight: 400;\">Lugar: Carpa Municipal.<\/span><\/p>\n<p>&nbsp;<\/p>\n<p><span style=\"font-weight: 400;\">11:30 h. Taller Pr\u00e1ctico de Medicina Artesanal con Plantas Silvestres.\u00a0<\/span><\/p>\n<p><span style=\"font-weight: 400;\">\u201cEmprender en el mundo rural con la transformaci\u00f3n de hierbas silvestres, arom\u00e1ticas y medicinales.\u201d<\/span><\/p>\n<p><span style=\"font-weight: 400;\">Colabora: C\u00e1mara de Comercio.<\/span><\/p>\n<p><span style=\"font-weight: 400;\">Lugar: Carpa Municipal.<\/span><\/p>\n<p>&nbsp;<\/p>\n<p><span style=\"font-weight: 400;\">12:00 h. Charla: \u201cSanidad Animal\u201d.\u00a0<\/span><\/p>\n<p><span style=\"font-weight: 400;\">\u201cPrevenir las bajas en los cebaderos de corderos. Est\u00e1 en t\u00fa mano.\u201d<\/span><\/p>\n<p><span style=\"font-weight: 400;\">Ponente: Miguel Angel Sanz Franco.\u00a0<\/span><\/p>\n<p><span style=\"font-weight: 400;\">T\u00e9cnico Peque\u00f1os Rumiantes. HIPRA<\/span><\/p>\n<p><span style=\"font-weight: 400;\">Colabora: Sociedad Cooperativa Castillo de Herrera.\u00a0\u00a0<\/span><\/p>\n<p><span style=\"font-weight: 400;\">Lugar: Carpa Institucional.<\/span><\/p>\n<p>&nbsp;<\/p>\n<p><span style=\"font-weight: 400;\">13:00 a 14:00 h. Programa \u201cHoy por Hoy\u201d Regional Extremadura (Cadena Ser Extremadura)<\/span><\/p>\n<p><span style=\"font-weight: 400;\">Lugar: Stand del Ayuntamiento.<\/span><\/p>\n<p>&nbsp;<\/p>\n<p><span style=\"font-weight: 400;\">13:00 h. Concurso de Mascotas.\u00a0<\/span><\/p>\n<p><span style=\"font-weight: 400;\">Colabora: AMPA CEIP Fray Juan de Herrera.<\/span><\/p>\n<p><span style=\"font-weight: 400;\">Lugar: Carpa Municipal.\u00a0<\/span><\/p>\n<p>&nbsp;<\/p>\n<p><span style=\"font-weight: 400;\">14:30 h. Cata de Embutidos.\u00a0<\/span><\/p>\n<p><span style=\"font-weight: 400;\">Colabora: Asociaci\u00f3n Coleccionistas de Palabras.<\/span><\/p>\n<p><span style=\"font-weight: 400;\">Lugar: Carpa Institucional.<\/span><\/p>\n<p>&nbsp;<\/p>\n<p><span style=\"font-weight: 400;\">18:30 h. Espect\u00e1culo de Recortadores.\u00a0<\/span><\/p>\n<p><span style=\"font-weight: 400;\">Lugar: Plaza de Toros de Herrera del Duque.<\/span><\/p>\n<p>&nbsp;<\/p>\n<p><span style=\"font-weight: 400;\">23:30 h. Orquesta Maremagnum.\u00a0<\/span><\/p>\n<p><span style=\"font-weight: 400;\">Y a continuaci\u00f3n DJ.<\/span><\/p>\n<p><span style=\"font-weight: 400;\">Lugar: Carpa Municipal.<br \/>\n<\/span><\/p>\n<p><strong>S\u00c1BADO 13 DE MAYO<\/strong><\/p>\n<p><span style=\"font-weight: 400;\">10:00 h. Cuidados del Caballo.\u00a0<\/span><\/p>\n<p><span style=\"font-weight: 400;\">Colabora: Club H\u00edpico Herrera del Duque.<\/span><\/p>\n<p><span style=\"font-weight: 400;\">Lugar: Pista Ecuestre.<\/span><\/p>\n<p>&nbsp;<\/p>\n<p><span style=\"font-weight: 400;\">11:30h. Carrera de Cintas de Caballos.\u00a0<\/span><\/p>\n<p><span style=\"font-weight: 400;\">Colabora: Club H\u00edpico Herrera del Duque.<\/span><\/p>\n<p><span style=\"font-weight: 400;\">Lugar: Pista Ecuestre.<\/span><\/p>\n<p>&nbsp;<\/p>\n<p><span style=\"font-weight: 400;\">12:00 h. Taller de Corte y Degustaci\u00f3n de Jam\u00f3n Ib\u00e9rico.\u00a0<\/span><\/p>\n<p><span style=\"font-weight: 400;\">Organiza: Extreib\u00e9ricos.<\/span><\/p>\n<p><span style=\"font-weight: 400;\">Lugar: Carpa Institucional.<\/span><\/p>\n<p>&nbsp;<\/p>\n<p><span style=\"font-weight: 400;\">12:00 a 14:00 h. Videomat\u00f3n 360 grados\u00a0<\/span><\/p>\n<p><span style=\"font-weight: 400;\">Colabora: Diputaci\u00f3n de Badajoz.<\/span><\/p>\n<p><span style=\"font-weight: 400;\">Lugar: Entrada Principal al Recinto Ferial.<\/span><\/p>\n<p>&nbsp;<\/p>\n<p><span style=\"font-weight: 400;\">12:00 a 15:00 h. Charanga \u201cLos del Barrio\u201d.\u00a0<\/span><\/p>\n<p><span style=\"font-weight: 400;\">Amenizando los diferentes espacios de la Feria.<\/span><\/p>\n<p>&nbsp;<\/p>\n<p><span style=\"font-weight: 400;\">14:00. Cata de Productos de la Reserva de la Biosfera de la Siberia.\u00a0<\/span><\/p>\n<p><span style=\"font-weight: 400;\">Colabora: Reserva de la Biosfera de La Siberia.<\/span><\/p>\n<p><span style=\"font-weight: 400;\">Lugar: Carpa Institucional.<\/span><\/p>\n<p>&nbsp;<\/p>\n<p><span style=\"font-weight: 400;\">14:30. Concierto de Sergio Contreras.\u00a0<\/span><\/p>\n<p><span style=\"font-weight: 400;\">Lugar: Carpa Municipal.<\/span><\/p>\n<p>&nbsp;<\/p>\n<p><span style=\"font-weight: 400;\">18:30 h. Juegos Populares.\u00a0<\/span><\/p>\n<p><span style=\"font-weight: 400;\">Colabora: Asociaci\u00f3n Coleccionistas de Palabras.<\/span><\/p>\n<p><span style=\"font-weight: 400;\">Lugar: Recinto Ferial.<\/span><\/p>\n<p>&nbsp;<\/p>\n<p><span style=\"font-weight: 400;\">20:30 h. Leyendas del Freestyle Motocross.\u00a0<\/span><\/p>\n<p><span style=\"font-weight: 400;\">Lugar: Plaza de Toros.<\/span><\/p>\n<p>&nbsp;<\/p>\n<p><span style=\"font-weight: 400;\">23:30 h. Concierto Paco Candela \u201cPaseo por lo Eterno\u201d.\u00a0<\/span><\/p>\n<p><span style=\"font-weight: 400;\">Lugar: Carpa Municipal.<\/span><\/p>\n<p><span style=\"font-weight: 400;\">A continuaci\u00f3n Fiesta Quinto Pino\u00a0\u00a0<\/span><\/p>\n<p><span style=\"font-weight: 400;\">Lugar: Carpa Municipal.<\/span><\/p>\n<p>&nbsp;<\/p>\n<p><strong>DOMINGO 14 DE MAYO<\/strong><\/p>\n<p><span style=\"font-weight: 400;\">10:00 h. Degustaci\u00f3n de Migas Extreme\u00f1as.\u00a0<\/span><\/p>\n<p><span style=\"font-weight: 400;\">Lugar: Recinto Ferial.<\/span><\/p>\n<p>&nbsp;<\/p>\n<p><span style=\"font-weight: 400;\">11:00 h. Exhibici\u00f3n de Esquila.\u00a0<\/span><\/p>\n<p><span style=\"font-weight: 400;\">A continuaci\u00f3n: Taller Infantil de Orde\u00f1o de Cabras.<\/span><\/p>\n<p><span style=\"font-weight: 400;\">Lugar: Carpa de Ganado.<\/span><\/p>\n<p>&nbsp;<\/p>\n<p><span style=\"font-weight: 400;\">12:00 h. Taller de Elaboraci\u00f3n de Quesos.\u00a0<\/span><\/p>\n<p><span style=\"font-weight: 400;\">Colabora: \u201cJumping\u201d.\u00a0<\/span><\/p>\n<p><span style=\"font-weight: 400;\">Lugar: Carpa Municipal.<\/span><\/p>\n<p>&nbsp;<\/p>\n<p><span style=\"font-weight: 400;\">12:30 h. Subasta de Ganado Ovinos.\u00a0<\/span><\/p>\n<p><span style=\"font-weight: 400;\">Lugar: Sal\u00f3n de Actos CID La Siberia.\u00a0<\/span><\/p>\n<p>&nbsp;<\/p>\n<p><span style=\"font-weight: 400;\">14:00 h. Degustaci\u00f3n de Ajoblanco y Tortilla.\u00a0<\/span><\/p>\n<p><span style=\"font-weight: 400;\">Colaboran:\u00a0 Asociaci\u00f3n de Mayores \u201cVirgen de Consolaci\u00f3n\u201d y Asociaci\u00f3n de Mujeres \u201cFlor de Jara\u201d.\u00a0<\/span><\/p>\n<p><span style=\"font-weight: 400;\">Lugar: Recinto Ferial.\u00a0<\/span><\/p>\n<p>&nbsp;<\/p>\n<p><span style=\"font-weight: 400;\">14:30 h. Entrega de Trofeos del Concurso de Pesca III Marat\u00f3n Carpfishing.<\/span><\/p>\n<p>&nbsp;<\/p>\n<p><span style=\"font-weight: 400;\">15:00 h. Degustaci\u00f3n de Cordero al Burduntzi CORDEREX.\u00a0<\/span><\/p>\n<p><span style=\"font-weight: 400;\">Organizan: Diputaci\u00f3n de Badajoz y Ayuntamiento de Herrera del Duque.<\/span><\/p>\n<p><span style=\"font-weight: 400;\">A beneficio de AOEX.<\/p>\n<p><\/span><\/p>\n<p><span style=\"font-weight: 400;\">19:00 h. Cierre de Instalaciones.<\/span><\/p>\n<p>&nbsp;<\/p>\n","protected":false},"excerpt":{"rendered":"<p>Consulta el programa completo de la nueva edici&oacute;n 2023 de la Feria Ganadera y&#8230;<\/p>\n","protected":false},"author":1,"featured_media":5650122,"comment_status":"closed","ping_status":"closed","sticky":false,"template":"","format":"standard","meta":[],"categories":[9],"tags":[],"_links":{"self":[{"href":"https:\/\/www.herreradelduque.com\/en\/wp-json\/wp\/v2\/posts\/5697738"}],"collection":[{"href":"https:\/\/www.herreradelduque.com\/en\/wp-json\/wp\/v2\/posts"}],"about":[{"href":"https:\/\/www.herreradelduque.com\/en\/wp-json\/wp\/v2\/types\/post"}],"author":[{"embeddable":true,"href":"https:\/\/www.herreradelduque.com\/en\/wp-json\/wp\/v2\/users\/1"}],"replies":[{"embeddable":true,"href":"https:\/\/www.herreradelduque.com\/en\/wp-json\/wp\/v2\/comments?post=5697738"}],"version-history":[{"count":1,"href":"https:\/\/www.herreradelduque.com\/en\/wp-json\/wp\/v2\/posts\/5697738\/revisions"}],"predecessor-version":[{"id":5697739,"href":"https:\/\/www.herreradelduque.com\/en\/wp-json\/wp\/v2\/posts\/5697738\/revisions\/5697739"}],"wp:featuredmedia":[{"embeddable":true,"href":"https:\/\/www.herreradelduque.com\/en\/wp-json\/wp\/v2\/media\/5650122"}],"wp:attachment":[{"href":"https:\/\/www.herreradelduque.com\/en\/wp-json\/wp\/v2\/media?parent=5697738"}],"wp:term":[{"taxonomy":"category","embeddable":true,"href":"https:\/\/www.herreradelduque.com\/en\/wp-json\/wp\/v2\/categories?post=5697738"},{"taxonomy":"post_tag","embeddable":true,"href":"https:\/\/www.herreradelduque.com\/en\/wp-json\/wp\/v2\/tags?post=5697738"}],"curies":[{"name":"wp","href":"https:\/\/api.w.org\/{rel}","templated":true}]}}