{"id":5704455,"date":"2023-09-11T10:04:50","date_gmt":"2023-09-11T08:04:50","guid":{"rendered":"https:\/\/www.herreradelduque.com\/?p=5704455"},"modified":"2023-09-12T10:07:48","modified_gmt":"2023-09-12T08:07:48","slug":"peon-de-multiples-usos","status":"publish","type":"post","link":"https:\/\/www.herreradelduque.com\/en\/peon-de-multiples-usos\/","title":{"rendered":"Pe\u00f3n de m\u00faltiples usos"},"content":{"rendered":"<p>Consulta las bases de esta nueva plaza de empleo<!--more--><\/p>\n<p><b>BASES: <a href=\"http:\/\/www.herreradelduque.com\/wp-content\/uploads\/2023\/09\/BASES-REGULADORAS-PEON-USOS-MULTIPLES-SEPTIEMBRE-2023.doc\">descargar las bases<\/a><\/b><\/p>\n<p><b>OBJETO<\/b><span style=\"font-weight: 400;\">:\u00a0<\/span><\/p>\n<p><span style=\"font-weight: 400;\">Creaci\u00f3n de una bolsa para la provisi\u00f3n temporal de <\/span><b>PEONES DE USOS M\u00daLTIPLES <\/b><span style=\"font-weight: 400;\">para el Ayuntamiento de Herrera del Duque.\u00a0<\/span><\/p>\n<p><b>REQUISITOS<\/b><b>:<\/b><\/p>\n<ol>\n<li><span style=\"font-weight: 400;\">A) Ser espa\u00f1ol\/a, o ciudadano de cualquiera de los Estados miembros de la U.E., o de aquellos Estados a los que, en virtud de tratados internacionales celebrados por la U.E. y ratificados por Espa\u00f1a, le sea de aplicaci\u00f3n la libre circulaci\u00f3n de trabajadores, en los t\u00e9rminos previstos en la Ley 17\/93, de 23 de Diciembre y dem\u00e1s normas concordantes.<\/span><\/li>\n<li><span style=\"font-weight: 400;\">B) Ser mayor de 16 a\u00f1os.<\/span><\/li>\n<li><span style=\"font-weight: 400;\">C) No padecer enfermedad o defecto f\u00edsico que impida el normal desarrollo de sus funciones.<\/span><\/li>\n<li><span style=\"font-weight: 400;\">D) No haber sido separado de ninguna Administraci\u00f3n P\u00fablica, mediante expediente disciplinario ni hallarse inhabilitado para el ejercicio de funciones p\u00fablicas por sentencia firme.<\/span><\/li>\n<li><span style=\"font-weight: 400;\">E) Tener total disponibilidad para desempe\u00f1ar su jornada de trabajo de forma partida, si as\u00ed se indica por el Ayuntamiento, as\u00ed como tener total disponibilidad para trabajar durante d\u00edas festivos o fines de semana.<\/span><\/li>\n<li><span style=\"font-weight: 400;\">F) Estar en posesi\u00f3n, de ESO, GRADUADO ESCOLAR o equivalente.<\/span><\/li>\n<\/ol>\n<p><b>PROCESO SELECTIVO<\/b><\/p>\n<p><span style=\"font-weight: 400;\">Concurso y preguntas tipo pr\u00e1ctico sobre el puesto a desarrollar.<\/span><\/p>\n<p><span style=\"font-weight: 400;\">Las preguntas se efectuar\u00e1 por el tribunal que se reunir\u00e1 a tal efecto a partir de las <\/span><b>10,30 horas del d\u00eda 3 de octubre del 2023 <\/b><span style=\"font-weight: 400;\">en la Sala de Juntas del Ayuntamiento, proponi\u00e9ndose la creaci\u00f3n de una bolsa de trabajo, en la que los aspirantes aparecer\u00e1n<\/span><span style=\"font-weight: 400;\">,\u00a0 por orden decreciente de puntuaci\u00f3n.<\/span><\/p>\n<p><b>RETRIBUCIONES: <\/b><span style=\"font-weight: 400;\">La persona contratada, percibir\u00e1 el importe del S.M.I. mensual incluida paga extra.<\/span><\/p>\n<p><b>SOLICITUDES: <\/b><span style=\"font-weight: 400;\">Las solicitudes ajustadas al modelo de instancia que se\u00a0 facilitar\u00e1 al efecto, se presentar\u00e1n en el registro general de este Ayuntamiento, en horas y d\u00edas h\u00e1biles de oficina hasta<\/span><b> las 15,00 horas del d\u00eda 29 de septiembre del 2023,<\/b><span style=\"font-weight: 400;\"> a la que habr\u00e1 de acompa\u00f1ar la documentaci\u00f3n acreditativa del cumplimiento de los requisitos necesarios para ser admitido.<\/span><\/p>\n","protected":false},"excerpt":{"rendered":"<p>Consulta las bases de esta nueva plaza de empleo<\/p>\n","protected":false},"author":1,"featured_media":5683202,"comment_status":"closed","ping_status":"closed","sticky":false,"template":"","format":"standard","meta":[],"categories":[11],"tags":[],"_links":{"self":[{"href":"https:\/\/www.herreradelduque.com\/en\/wp-json\/wp\/v2\/posts\/5704455"}],"collection":[{"href":"https:\/\/www.herreradelduque.com\/en\/wp-json\/wp\/v2\/posts"}],"about":[{"href":"https:\/\/www.herreradelduque.com\/en\/wp-json\/wp\/v2\/types\/post"}],"author":[{"embeddable":true,"href":"https:\/\/www.herreradelduque.com\/en\/wp-json\/wp\/v2\/users\/1"}],"replies":[{"embeddable":true,"href":"https:\/\/www.herreradelduque.com\/en\/wp-json\/wp\/v2\/comments?post=5704455"}],"version-history":[{"count":1,"href":"https:\/\/www.herreradelduque.com\/en\/wp-json\/wp\/v2\/posts\/5704455\/revisions"}],"predecessor-version":[{"id":5704458,"href":"https:\/\/www.herreradelduque.com\/en\/wp-json\/wp\/v2\/posts\/5704455\/revisions\/5704458"}],"wp:featuredmedia":[{"embeddable":true,"href":"https:\/\/www.herreradelduque.com\/en\/wp-json\/wp\/v2\/media\/5683202"}],"wp:attachment":[{"href":"https:\/\/www.herreradelduque.com\/en\/wp-json\/wp\/v2\/media?parent=5704455"}],"wp:term":[{"taxonomy":"category","embeddable":true,"href":"https:\/\/www.herreradelduque.com\/en\/wp-json\/wp\/v2\/categories?post=5704455"},{"taxonomy":"post_tag","embeddable":true,"href":"https:\/\/www.herreradelduque.com\/en\/wp-json\/wp\/v2\/tags?post=5704455"}],"curies":[{"name":"wp","href":"https:\/\/api.w.org\/{rel}","templated":true}]}}