{"id":5704736,"date":"2023-12-01T17:29:36","date_gmt":"2023-12-01T16:29:36","guid":{"rendered":"https:\/\/www.herreradelduque.com\/?p=5704736"},"modified":"2023-12-01T17:34:44","modified_gmt":"2023-12-01T16:34:44","slug":"pleno-30-noviembre-2023","status":"publish","type":"post","link":"https:\/\/www.herreradelduque.com\/en\/pleno-30-noviembre-2023\/","title":{"rendered":"El ayuntamiento destina 659 mil euros a la creaci\u00f3n de empleo"},"content":{"rendered":"<p>Consulta el orden del d\u00eda del pleno celebrado el 30 de noviembre de 2023<!--more--><\/p>\n<p>El Ayuntamiento de Herrera aprueba una modificaci\u00f3n del presupuesto de gastos para destinar 659.000 euros a la creaci\u00f3n de empleo temporal<\/p>\n<div dir=\"auto\"><\/div>\n<div dir=\"auto\"><\/div>\n<div dir=\"auto\" data-removefontsize=\"true\" data-originalcomputedfontsize=\"16\">El Ayuntamiento de Herrera del Duque ha aprobado una modificaci\u00f3n del Presupuesto de Gastos que permitir\u00e1 al consistorio contar con una partida de 659.000 euros que se destinar\u00e1 a la generaci\u00f3n de empleo temporal en la localidad. El asunto se ha abordado en el \u00faltimo pleno ordinario celebrado y cont\u00f3 con el respaldo un\u00e1nime de los concejales de la corporaci\u00f3n municipal. Con este acuerdo, el ayuntamiento cuenta con cr\u00e9dito disponible para ejecutar medidas que ayuden a generar empleo temporal entre los vecinos del municipio a partir de la transferencia presupuestaria de partidas que ya han cumplido los objetivos de la actuaci\u00f3n.<\/div>\n<div dir=\"auto\"><\/div>\n<div dir=\"auto\" data-removefontsize=\"true\" data-originalcomputedfontsize=\"16\">El pleno municipal aprob\u00f3 tambi\u00e9n los festivos en los que los establecimientos comerciales podr\u00e1n permanecer abiertos en 2024. Las fechas designadas han sido los d\u00edas 10 de mayo y 15 de agosto, coincidiendo con la celebraci\u00f3n de la Feria Ganadera de Herrera del Duque y las Ferias y Fiestas de Agosto. La elecci\u00f3n de estas fechas responden tambi\u00e9n al inter\u00e9s de ser d\u00edas se\u00f1alados que pueden favorecer la actividad empresarial por la importante afluencia de visitantes durante esos d\u00edas a la localidad.<\/div>\n<div dir=\"auto\"><\/div>\n<div dir=\"auto\" data-removefontsize=\"true\" data-originalcomputedfontsize=\"16\">Coincidiendo con la reciente celebraci\u00f3n del 25N &#8211; D\u00eda Internacional para la Erradicaci\u00f3n de la Violencia de G\u00e9nero &#8211; , se acord\u00f3 por unanimidad el compromiso firme del Ayuntamiento de Herrera de favorecer todas aquellas medidas y herramientas que contribuyan a prevenir y erradicar esta lacra social. De igual manera, durante la sesi\u00f3n plenaria se aprobaron la Cuenta General de 2022, as\u00ed como la denominaci\u00f3n de una nueva calle como Traves\u00eda de Espronceda como continuidad a la ya existente calle Espronceda.<\/div>\n<div dir=\"auto\"><\/div>\n<div dir=\"auto\" data-removefontsize=\"true\" data-originalcomputedfontsize=\"16\">Por \u00faltimo, el alcalde herrere\u00f1o, Saturnino Alc\u00e1zar, traslad\u00f3 su felicitaci\u00f3n a los galardonados en los Premios Deporte Local 2023 y mostr\u00f3 su congratulaci\u00f3n por la renovaci\u00f3n del t\u00edtulo que ostenta la localidad como Ciudad Amiga de la Infancia. Quiso agradecer la labor llevada a cabo en la organizaci\u00f3n del Torneo de Petanca, as\u00ed como los resultados obtenidos en iniciativas como Siberia Cultura o la Semana de la Infancia que se han celebrado en los \u00faltimos d\u00edas en la localidad.<\/div>\n","protected":false},"excerpt":{"rendered":"<p>Consulta el orden del d&iacute;a del pleno celebrado el 30 de noviembre de 2023<\/p>\n","protected":false},"author":1,"featured_media":5704737,"comment_status":"closed","ping_status":"closed","sticky":false,"template":"","format":"standard","meta":[],"categories":[19],"tags":[],"_links":{"self":[{"href":"https:\/\/www.herreradelduque.com\/en\/wp-json\/wp\/v2\/posts\/5704736"}],"collection":[{"href":"https:\/\/www.herreradelduque.com\/en\/wp-json\/wp\/v2\/posts"}],"about":[{"href":"https:\/\/www.herreradelduque.com\/en\/wp-json\/wp\/v2\/types\/post"}],"author":[{"embeddable":true,"href":"https:\/\/www.herreradelduque.com\/en\/wp-json\/wp\/v2\/users\/1"}],"replies":[{"embeddable":true,"href":"https:\/\/www.herreradelduque.com\/en\/wp-json\/wp\/v2\/comments?post=5704736"}],"version-history":[{"count":3,"href":"https:\/\/www.herreradelduque.com\/en\/wp-json\/wp\/v2\/posts\/5704736\/revisions"}],"predecessor-version":[{"id":5704741,"href":"https:\/\/www.herreradelduque.com\/en\/wp-json\/wp\/v2\/posts\/5704736\/revisions\/5704741"}],"wp:featuredmedia":[{"embeddable":true,"href":"https:\/\/www.herreradelduque.com\/en\/wp-json\/wp\/v2\/media\/5704737"}],"wp:attachment":[{"href":"https:\/\/www.herreradelduque.com\/en\/wp-json\/wp\/v2\/media?parent=5704736"}],"wp:term":[{"taxonomy":"category","embeddable":true,"href":"https:\/\/www.herreradelduque.com\/en\/wp-json\/wp\/v2\/categories?post=5704736"},{"taxonomy":"post_tag","embeddable":true,"href":"https:\/\/www.herreradelduque.com\/en\/wp-json\/wp\/v2\/tags?post=5704736"}],"curies":[{"name":"wp","href":"https:\/\/api.w.org\/{rel}","templated":true}]}}