{"id":5706408,"date":"2024-05-13T16:39:44","date_gmt":"2024-05-13T14:39:44","guid":{"rendered":"https:\/\/www.herreradelduque.com\/?p=5706408"},"modified":"2024-05-14T00:40:32","modified_gmt":"2024-05-13T22:40:32","slug":"plazas-de-socorrista","status":"publish","type":"post","link":"https:\/\/www.herreradelduque.com\/en\/plazas-de-socorrista\/","title":{"rendered":"Plazas de Socorrista"},"content":{"rendered":"<p>Consulta las bases para estas plazas que se convocan de socorrista <!--more--><\/p>\n<p class=\"s5\"><span class=\"s6\"><span class=\"bumpedFont15\">Se pone en conocimiento de todos los vecinos y vecinas, que se abre la convocatoria para la selecci\u00f3n de \u00a0<\/span><\/span><span class=\"s6\"><span class=\"bumpedFont15\">cuatro plazas de <\/span><\/span><span class=\"s8\"><span class=\"bumpedFont15\">SOCORRISTAS<\/span><\/span><span class=\"s6\"><span class=\"bumpedFont15\"> para el Ayuntamiento de Herrera del Duque para la <\/span><\/span><span class=\"s8\"><span class=\"bumpedFont15\">temporada de verano de 2024<\/span><\/span><\/p>\n<p class=\"s9\"><span class=\"s8\"><span class=\"bumpedFont15\">OBJETO<\/span><\/span><span class=\"s6\"><span class=\"bumpedFont15\">: Se abre convocatoria para la selecci\u00f3n a trav\u00e9s de procedimiento de concurso de m\u00e9ritos con entrevista curricular, para su contrataci\u00f3n como personal laboral, a jornada completa de <\/span><\/span><span class=\"s6\"><span class=\"bumpedFont15\">cuatro plazas de <\/span><\/span><span class=\"s8\"><span class=\"bumpedFont15\">socorristas<\/span><\/span> <span class=\"s6\"><span class=\"bumpedFont15\">para el Ayuntamiento de Herrera del Duque para la <\/span><\/span><span class=\"s8\"><span class=\"bumpedFont15\">temporada de verano \u00a02024.<\/span><\/span><span class=\"s6\"><span class=\"bumpedFont15\">Quedando en bolsa de trabajo <\/span><\/span><span class=\"s6\"><span class=\"bumpedFont15\">el resto de <\/span><\/span><span class=\"s6\"><span class=\"bumpedFont15\">los aspirantes que cumplan con los requisitos establecidos<\/span><\/span><\/p>\n<p class=\"s10\"><span class=\"s8\"><span class=\"bumpedFont15\">CONDICIONES DE LOS ASPIRANTES: <\/span><\/span><span class=\"s6\"><span class=\"bumpedFont15\">Para poder ser admitidos a la selecci\u00f3n, los aspirantes deber\u00e1n reunir en la fecha de finalizaci\u00f3n del plazo de presentaci\u00f3n de solicitudes, todos y cada uno de los siguientes requisitos:<\/span><\/span><\/p>\n<p class=\"s9\"><span class=\"s6\"><span class=\"bumpedFont15\">A.- Ser espa\u00f1ol y mayor de edad, sin perjuicio de lo dispuesto en la legalidad vigente para el acceso de nacionales de los Estados miembros, as\u00ed como los extranjeros residentes en Espa\u00f1a que re\u00fanan los requisitos exigidos en la Ley Org\u00e1nica 4\/2000.<\/span><\/span><\/p>\n<p class=\"s9\"><span class=\"s6\"><span class=\"bumpedFont15\">B.-No estar incurso en ninguna causa de inhabilitaci\u00f3n o incompatibilidad legal para el desempe\u00f1o de la funci\u00f3n p\u00fablica, ni haber sido sancionado con Despido Disciplinario.<\/span><\/span><\/p>\n<p class=\"s9\"><span class=\"s6\"><span class=\"bumpedFont15\">C.- Estar en posesi\u00f3n de la titulaci\u00f3n de socorrista en salvamento y primeros auxilios con titulaci\u00f3n expedida por: las Federaciones de Salvamento y Socorrismo o por la Cruz Roja. <\/span><\/span><a name=\"_Hlk42016347\"><\/a><span class=\"s6\"><span class=\"bumpedFont15\">Dichas titulaciones tienen que estar recicladas, cumpliendo los periodos que indican las entidades que las emiten.<\/span><\/span><\/p>\n<p class=\"s9\"><span class=\"s6\"><span class=\"bumpedFont15\">\u00a0<\/span><\/span><span class=\"s6\"><span class=\"bumpedFont15\">D.- Cumplir las condiciones f\u00edsicas y ps\u00edquicas exigibles para ejercer adecuadamente las correspondientes funciones asignadas.<\/span><\/span><\/p>\n<p class=\"s9\"><span class=\"s6\"><span class=\"bumpedFont15\">E.- Ser demandante de empleo o mejora de empleo. <\/span><\/span><\/p>\n<p class=\"s9\"><span class=\"s6\"><span class=\"bumpedFont15\">Los requisitos para concurrir est\u00e1n referidos al \u00faltimo d\u00eda de presentaci\u00f3n de instancias.<\/span><\/span><\/p>\n<p class=\"s10\"><span class=\"s8\"><span class=\"bumpedFont15\">PROCESO DE SELECCI\u00d3N:<\/span><\/span><\/p>\n<p class=\"s10\"><span class=\"s6\"><span class=\"bumpedFont15\">VALORACI\u00d3N DE M\u00c9RITOS Y PREGUNTAS SOBRE PUESTO DE TRABAJO.- Seg\u00fan bases, las preguntas se efectuar\u00e1n por el tribunal que se reunir\u00e1 a tal efecto a partir de las <\/span><\/span><span class=\"s11\"><span class=\"bumpedFont15\">10,00 horas del d\u00eda 5 de junio del 2024 <\/span><\/span><span class=\"s6\"><span class=\"bumpedFont15\">en la Sala de Juntas del Ayuntamiento de Herrera del Duque.<\/span><\/span><\/p>\n<p class=\"s10\"><span class=\"s8\"><span class=\"bumpedFont15\">RETRIBUCIONES: <\/span><\/span><span class=\"s6\"><span class=\"bumpedFont15\">.- Las personas contratadas, percibir\u00e1n el S.M.I., Brutos mensuales incluida paga extra<\/span><\/span><\/p>\n<p class=\"s10\"><span class=\"s8\"><span class=\"bumpedFont15\">SOLICITUDES: <\/span><\/span><span class=\"s6\"><span class=\"bumpedFont15\">Las solicitudes, ajustadas al modelo de instancia que se facilitar\u00e1 al efecto, se presentar\u00e1n en el Registro General de este Ayuntamiento, en horas y d\u00edas h\u00e1biles de oficina, <\/span><\/span><span class=\"s11\"><span class=\"bumpedFont15\">hasta las 15 horas del d\u00eda 31 de mayo de 2024<\/span><\/span><span class=\"s6\"><span class=\"bumpedFont15\"> a la que habr\u00e1 que acompa\u00f1ar la documentaci\u00f3n acreditativa del cumplimiento de los requisitos necesarios para ser admitidos, as\u00ed como la de aquella que el aspirante pretenda que sea valorada por el Tribunal, en la fase de concurso.<\/span><\/span><\/p>\n<p><strong>Bases para la selecci\u00f3n:<\/strong> <a href=\"http:\/\/www.herreradelduque.com\/wp-content\/uploads\/2024\/05\/BASES-SOCORRISTAS-VERANO-2024.doc\">Descargar las bases<\/a><\/p>\n","protected":false},"excerpt":{"rendered":"<p>Consulta las bases para estas plazas que se convocan de socorrista<\/p>\n","protected":false},"author":1,"featured_media":5651214,"comment_status":"closed","ping_status":"closed","sticky":false,"template":"","format":"standard","meta":[],"categories":[11],"tags":[],"_links":{"self":[{"href":"https:\/\/www.herreradelduque.com\/en\/wp-json\/wp\/v2\/posts\/5706408"}],"collection":[{"href":"https:\/\/www.herreradelduque.com\/en\/wp-json\/wp\/v2\/posts"}],"about":[{"href":"https:\/\/www.herreradelduque.com\/en\/wp-json\/wp\/v2\/types\/post"}],"author":[{"embeddable":true,"href":"https:\/\/www.herreradelduque.com\/en\/wp-json\/wp\/v2\/users\/1"}],"replies":[{"embeddable":true,"href":"https:\/\/www.herreradelduque.com\/en\/wp-json\/wp\/v2\/comments?post=5706408"}],"version-history":[{"count":1,"href":"https:\/\/www.herreradelduque.com\/en\/wp-json\/wp\/v2\/posts\/5706408\/revisions"}],"predecessor-version":[{"id":5706411,"href":"https:\/\/www.herreradelduque.com\/en\/wp-json\/wp\/v2\/posts\/5706408\/revisions\/5706411"}],"wp:featuredmedia":[{"embeddable":true,"href":"https:\/\/www.herreradelduque.com\/en\/wp-json\/wp\/v2\/media\/5651214"}],"wp:attachment":[{"href":"https:\/\/www.herreradelduque.com\/en\/wp-json\/wp\/v2\/media?parent=5706408"}],"wp:term":[{"taxonomy":"category","embeddable":true,"href":"https:\/\/www.herreradelduque.com\/en\/wp-json\/wp\/v2\/categories?post=5706408"},{"taxonomy":"post_tag","embeddable":true,"href":"https:\/\/www.herreradelduque.com\/en\/wp-json\/wp\/v2\/tags?post=5706408"}],"curies":[{"name":"wp","href":"https:\/\/api.w.org\/{rel}","templated":true}]}}