{"id":5708031,"date":"2024-06-02T20:21:19","date_gmt":"2024-06-02T18:21:19","guid":{"rendered":"https:\/\/www.herreradelduque.com\/?p=5708031"},"modified":"2024-06-02T20:21:19","modified_gmt":"2024-06-02T18:21:19","slug":"programa-de-ferias-y-fiestas-anuncios-para-empresas-y-negocios","status":"publish","type":"post","link":"https:\/\/www.herreradelduque.com\/en\/programa-de-ferias-y-fiestas-anuncios-para-empresas-y-negocios\/","title":{"rendered":"Programa de Ferias y Fiestas anuncios para empresas y negocios"},"content":{"rendered":"<p><span style=\"font-weight: 400;\">Anuncia tu negocio en el programa de las Ferias y Fiestas de Agosto.<\/span><!--more--><\/p>\n<p><span style=\"font-weight: 400;\">Se pone en conocimiento de todos los vecinos\/as, que con motivo de la celebraci\u00f3n de las Ferias y Fiestas, que se celebrar\u00e1n del 09 al 15 de Agosto de 2024,\u00a0<\/span><b>desde este Ayuntamiento queremos ofrecer un programa de fiestas que recoja toda la diversidad de negocios y empresas que desarrollan su actividad en nuestro pueblo<\/b><span style=\"font-weight: 400;\">, por ello solicitamos su colaboraci\u00f3n para incorporar un anuncio de sus negocios.<\/span><\/p>\n<p><span style=\"font-weight: 400;\">Las opciones son:<\/span><\/p>\n<ul>\n<li style=\"font-weight: 400;\" aria-level=\"1\"><b>Media P\u00e1gina<\/b><span style=\"font-weight: 400;\">, cuyo coste asciende a 60 \u20ac.<\/span><\/li>\n<li style=\"font-weight: 400;\" aria-level=\"1\"><b>P\u00e1gina Completa<\/b><span style=\"font-weight: 400;\">, cuyo coste asciende a 120 \u20ac.<\/span><\/li>\n<\/ul>\n<p><span style=\"font-weight: 400;\">Todas la personas interesadas, deber\u00e1n pasar por la oficinas municipales,\u00a0<\/span><b>antes del d\u00eda 30 de junio de 2024,<\/b><b>\u00a0<\/b><span style=\"font-weight: 400;\">adem\u00e1s, es conveniente adjuntar un documento con los datos que quiere plasmar en el anuncio para su correcta edici\u00f3n y enviarlo a la siguiente direcci\u00f3n de correo electr\u00f3nico\u00a0 : <\/span><span style=\"font-weight: 400;\">oficinaturismo@herreradelduque.es.<\/span><\/p>\n<p>&nbsp;<\/p>\n","protected":false},"excerpt":{"rendered":"<p>Anuncia tu negocio en el programa de las Ferias y Fiestas de Agosto.<\/p>\n","protected":false},"author":1,"featured_media":5708032,"comment_status":"closed","ping_status":"closed","sticky":false,"template":"","format":"standard","meta":[],"categories":[11,10],"tags":[],"_links":{"self":[{"href":"https:\/\/www.herreradelduque.com\/en\/wp-json\/wp\/v2\/posts\/5708031"}],"collection":[{"href":"https:\/\/www.herreradelduque.com\/en\/wp-json\/wp\/v2\/posts"}],"about":[{"href":"https:\/\/www.herreradelduque.com\/en\/wp-json\/wp\/v2\/types\/post"}],"author":[{"embeddable":true,"href":"https:\/\/www.herreradelduque.com\/en\/wp-json\/wp\/v2\/users\/1"}],"replies":[{"embeddable":true,"href":"https:\/\/www.herreradelduque.com\/en\/wp-json\/wp\/v2\/comments?post=5708031"}],"version-history":[{"count":1,"href":"https:\/\/www.herreradelduque.com\/en\/wp-json\/wp\/v2\/posts\/5708031\/revisions"}],"predecessor-version":[{"id":5708034,"href":"https:\/\/www.herreradelduque.com\/en\/wp-json\/wp\/v2\/posts\/5708031\/revisions\/5708034"}],"wp:featuredmedia":[{"embeddable":true,"href":"https:\/\/www.herreradelduque.com\/en\/wp-json\/wp\/v2\/media\/5708032"}],"wp:attachment":[{"href":"https:\/\/www.herreradelduque.com\/en\/wp-json\/wp\/v2\/media?parent=5708031"}],"wp:term":[{"taxonomy":"category","embeddable":true,"href":"https:\/\/www.herreradelduque.com\/en\/wp-json\/wp\/v2\/categories?post=5708031"},{"taxonomy":"post_tag","embeddable":true,"href":"https:\/\/www.herreradelduque.com\/en\/wp-json\/wp\/v2\/tags?post=5708031"}],"curies":[{"name":"wp","href":"https:\/\/api.w.org\/{rel}","templated":true}]}}