{"id":5714394,"date":"2024-10-15T11:51:19","date_gmt":"2024-10-15T09:51:19","guid":{"rendered":"https:\/\/www.herreradelduque.com\/?p=5714394"},"modified":"2024-10-15T11:51:19","modified_gmt":"2024-10-15T09:51:19","slug":"plaza-de-monitor-de-meditacion","status":"publish","type":"post","link":"https:\/\/www.herreradelduque.com\/en\/plaza-de-monitor-de-meditacion\/","title":{"rendered":"Plaza de Monitor de Meditaci\u00f3n"},"content":{"rendered":"<p><span style=\"font-weight: 400;\">Consulta las bases sobre esta nueva plaza de Monitor de Meditaci\u00f3n<\/span><!--more--><\/p>\n<p><b>BANDO\u00a0<\/b><\/p>\n<p><span style=\"font-weight: 400;\">Pongo en conocimiento de todos los vecinos y vecinas, que se abre la convocatoria para la selecci\u00f3n de <\/span><b>UNA PLAZA DE MONITOR\/A DE MEDITACI\u00d3N Y MINDFULNESS\/ REIKI <\/b><span style=\"font-weight: 400;\">para el Ayuntamiento de Herrera del Duque.\u00a0\u00a0<\/span><\/p>\n<p><b>OBJETO<\/b><span style=\"font-weight: 400;\">: Es objeto de la presente convocatoria, la selecci\u00f3n de <\/span><b>UNA PLAZA DE MONITOR\/A DE MEDITACI\u00d3N Y MINDFULNESS\/ REIKI <\/b><span style=\"font-weight: 400;\">para el Ayuntamiento de Herrera del Duque.\u00a0\u00a0<\/span><\/p>\n<p><b>CONDICIONES DE LOS ASPIRANTES: <\/b><span style=\"font-weight: 400;\">Para poder ser admitidos a la selecci\u00f3n, los aspirantes deber\u00e1n reunir en la fecha de finalizaci\u00f3n del plazo de presentaci\u00f3n de solicitudes, todos y cada uno de los siguientes requisitos:\u00a0\u00a0<\/span><\/p>\n<ol>\n<li><span style=\"font-weight: 400;\">Ser espa\u00f1ol\/a o ciudadana\/o de cualquiera de los Estados miembros de la U.E., o de aquellos Estados a los que, en virtud de tratados internacionales celebrados por la U.E., y ratificados por Espa\u00f1a, le sea de aplicaci\u00f3n la libre circulaci\u00f3n de trabajadores, en los t\u00e9rminos previstos en la Ley 17\/93 de 23 de diciembre y dem\u00e1s normas concordantes.\u00a0\u00a0<\/span><\/li>\n<li><span style=\"font-weight: 400;\">Ser mayor de 16 a\u00f1os.\u00a0<\/span><\/li>\n<li><span style=\"font-weight: 400;\">Cumplir las condiciones f<\/span><span style=\"font-weight: 400;\">\u00edsicas y ps\u00edquicas exigibles para ejercer adecuadamente las correspondientes funciones asignadas.\u00a0<\/span><\/li>\n<li><span style=\"font-weight: 400;\">No haber sido separado de ninguna Administraci\u00f3n P\u00fablica, mediante expediente disciplinario ni hallarse inhabilitado para el ejercicio de funciones p\u00fablicas por sentencia firme.\u00a0<\/span><\/li>\n<li><span style=\"font-weight: 400;\">Tener total disponibilidad para desempe\u00f1ar su jornada de trabajo de forma partida, si as\u00ed se indica por el Ayuntamiento, as\u00ed como tener total disponibilidad para trabajar durante d\u00edas festivos. Tener disponibilidad para trabajar de lunes a domingo.\u00a0\u00a0<\/span><\/li>\n<li><span style=\"font-weight: 400;\">Tener formaci\u00f3n relacionada con la meditaci\u00f3n y el Mindfulness\u00a0\u00a0<\/span><\/li>\n<\/ol>\n<p><span style=\"font-weight: 400;\">Los requisitos para concurrir est\u00e1n referidos al \u00faltimo d\u00eda de presentaci\u00f3n de instancias.<\/span><\/p>\n<p><b>PROCESO DE SELECCI\u00d3N:\u00a0<\/b><\/p>\n<p><span style=\"font-weight: 400;\">VALORACI\u00d3N DE M\u00c9RITOS Y PREGUNTAS RELACIONADAS CON LAS FUNCIONES A DESARROLLAR. CURRICULAR.- Seg\u00fan bases, se efectuar\u00e1 por el tribunal que se reunir\u00e1 a tal efecto a partir de las <\/span><b>09<\/b><b> ,0 0 horas del d\u00eda 24 de octubre de 2024 <\/b><span style=\"font-weight: 400;\">en la Sala de Juntas del Ayuntamiento de Herrera del Duque.\u00a0<\/span><\/p>\n<p><b>RETRIBUCIONES: <\/b><span style=\"font-weight: 400;\">.- La persona contratada, percibir\u00e1n el S.M.I., Brutos mensuales incluida paga extra en proporci\u00f3n de las horas de actividad que se establezcan.\u00a0\u00a0<\/span><\/p>\n<p><b>SOLICITUDES: <\/b><span style=\"font-weight: 400;\">Las solicitudes, ajustadas al modelo de instancia que se facilitar\u00e1 al efecto, se presentar\u00e1n en el Registro General de este Ayuntamiento, en horas y d\u00edas h\u00e1biles de oficina, hasta las 14 horas del d\u00eda 23 de octubre de 2024, a la que habr\u00e1 que acompa\u00f1ar la documentaci\u00f3n acreditativa del cumplimiento de los requisitos necesarios para ser admitidos, as\u00ed como la de aquella que el aspirante pretenda que sea valorada por el Tribunal, en la fase de concurso.<\/span><\/p>\n<p><span style=\"color: #ff0000;\"><strong>Descargar las bases:<\/strong><\/span> <a href=\"http:\/\/www.herreradelduque.com\/wp-content\/uploads\/2024\/10\/20241014_Otros_BASES-MONITORA-DE-MEDITACIO\u0301N-Y-REIKI-2024.pdf\">Clic para descargar.<\/a><\/p>\n<p>&nbsp;<\/p>\n<p>&nbsp;<\/p>\n","protected":false},"excerpt":{"rendered":"<p>Consulta las bases sobre esta nueva plaza de Monitor de Meditaci&oacute;n<\/p>\n","protected":false},"author":1,"featured_media":5714397,"comment_status":"closed","ping_status":"closed","sticky":false,"template":"","format":"standard","meta":[],"categories":[11],"tags":[],"_links":{"self":[{"href":"https:\/\/www.herreradelduque.com\/en\/wp-json\/wp\/v2\/posts\/5714394"}],"collection":[{"href":"https:\/\/www.herreradelduque.com\/en\/wp-json\/wp\/v2\/posts"}],"about":[{"href":"https:\/\/www.herreradelduque.com\/en\/wp-json\/wp\/v2\/types\/post"}],"author":[{"embeddable":true,"href":"https:\/\/www.herreradelduque.com\/en\/wp-json\/wp\/v2\/users\/1"}],"replies":[{"embeddable":true,"href":"https:\/\/www.herreradelduque.com\/en\/wp-json\/wp\/v2\/comments?post=5714394"}],"version-history":[{"count":1,"href":"https:\/\/www.herreradelduque.com\/en\/wp-json\/wp\/v2\/posts\/5714394\/revisions"}],"predecessor-version":[{"id":5714399,"href":"https:\/\/www.herreradelduque.com\/en\/wp-json\/wp\/v2\/posts\/5714394\/revisions\/5714399"}],"wp:featuredmedia":[{"embeddable":true,"href":"https:\/\/www.herreradelduque.com\/en\/wp-json\/wp\/v2\/media\/5714397"}],"wp:attachment":[{"href":"https:\/\/www.herreradelduque.com\/en\/wp-json\/wp\/v2\/media?parent=5714394"}],"wp:term":[{"taxonomy":"category","embeddable":true,"href":"https:\/\/www.herreradelduque.com\/en\/wp-json\/wp\/v2\/categories?post=5714394"},{"taxonomy":"post_tag","embeddable":true,"href":"https:\/\/www.herreradelduque.com\/en\/wp-json\/wp\/v2\/tags?post=5714394"}],"curies":[{"name":"wp","href":"https:\/\/api.w.org\/{rel}","templated":true}]}}