{"id":5715371,"date":"2024-11-28T17:45:10","date_gmt":"2024-11-28T16:45:10","guid":{"rendered":"https:\/\/www.herreradelduque.com\/?p=5715371"},"modified":"2024-11-28T17:45:10","modified_gmt":"2024-11-28T16:45:10","slug":"plaza-de-tecnico-de-dinamizacion-sociocultural-y-redes-sociales","status":"publish","type":"post","link":"https:\/\/www.herreradelduque.com\/en\/plaza-de-tecnico-de-dinamizacion-sociocultural-y-redes-sociales\/","title":{"rendered":"Plaza de T\u00e9cnico de Dinamizaci\u00f3n Sociocultural y Redes Sociales"},"content":{"rendered":"<p>Consulta las bases de esta nueva plaza de empleo de T\u00e9cnico de Dinamizaci\u00f3n Sociocultural y Redes Sociales.<!--more--><\/p>\n<p><span style=\"font-weight: 400;\">Se pone en conocimiento de todos los vecinos y vecinas, que se abre la convocatoria para la selecci\u00f3n\u00a0 <\/span><b>UNA PLAZA DE T\u00c9CNICO\/A DE DINAMIZACI\u00d3N CULTURAL, SOCIAL Y REDES SOCIALES Y MEDIOS COMUNICATIVOS<\/b><span style=\"font-weight: 400;\"> para el Ayuntamiento de Herrera del Duque.<\/span><\/p>\n<p><b>OBJETO<\/b><span style=\"font-weight: 400;\">: Es objeto de la presente convocatoria, la selecci\u00f3n de <\/span><b>UNA PLAZA DE T\u00c9CNICO\/A DE DINAMIZACI\u00d3N CULTURAL, SOCIAL Y REDES SOCIALES Y MEDIOS COMUNICATIVOS<\/b><span style=\"font-weight: 400;\"> para el Ayuntamiento de Herrera del Duque, a jornada completa, durante el periodo de un a\u00f1o prorrogable.<\/span><\/p>\n<p><b>CONDICIONES DE LOS ASPIRANTES:<\/b><span style=\"font-weight: 400;\">Para poder ser admitidos a la selecci\u00f3n, los aspirantes deber\u00e1n reunir en la fecha de finalizaci\u00f3n del plazo de presentaci\u00f3n de solicitudes, todos y cada uno de los siguientes requisitos:\u00a0<\/span><\/p>\n<ol>\n<li style=\"font-weight: 400;\" aria-level=\"1\"><span style=\"font-weight: 400;\">Ser espa\u00f1ol\/a o ciudadana\/o de cualquiera de los Estados miembros de la U.E., o de aquellos Estados a los que, en virtud de tratados internacionales celebrados por la U.E., y ratificados por Espa\u00f1a, le sea de aplicaci\u00f3n la libre circulaci\u00f3n de trabajadores, en los t\u00e9rminos previstos en la Ley 17\/93 de 23 de diciembre y dem\u00e1s normas concordantes.\u00a0<\/span><\/li>\n<li style=\"font-weight: 400;\" aria-level=\"1\"><span style=\"font-weight: 400;\">Ser mayor de 16 a\u00f1os.<\/span><\/li>\n<li style=\"font-weight: 400;\" aria-level=\"1\"><span style=\"font-weight: 400;\">Cumplir las condiciones f\u00edsicas y ps\u00edquicas exigibles para ejercer adecuadamente las correspondientes funciones asignadas.<\/span><\/li>\n<li style=\"font-weight: 400;\" aria-level=\"1\"><span style=\"font-weight: 400;\">No haber sido separado de ninguna Administraci\u00f3n P\u00fablica, mediante expediente disciplinario ni hallarse inhabilitado para el ejercicio de funciones p\u00fablicas por sentencia firme.<\/span><\/li>\n<li style=\"font-weight: 400;\" aria-level=\"1\"><span style=\"font-weight: 400;\">Tener total disponibilidad para desempe\u00f1ar su jornada de trabajo de forma partida, si as\u00ed se indica por el Ayuntamiento, as\u00ed como tener total disponibilidad para trabajar durante d\u00edas festivos. Tener disponibilidad para trabajar de lunes a domingo.\u00a0\u00a0<\/span><\/li>\n<li style=\"font-weight: 400;\" aria-level=\"1\"><span style=\"font-weight: 400;\">Estar en posesi\u00f3n de una Licenciatura, Grado o Diplomatura universitaria en la rama social, educativa y\/o cultural.\u00a0<\/span><\/li>\n<li style=\"font-weight: 400;\" aria-level=\"1\"><span style=\"font-weight: 400;\">Estar en posesi\u00f3n del Certificado de nivel B1 en Ingl\u00e9s<\/span><\/li>\n<li style=\"font-weight: 400;\" aria-level=\"1\"><span style=\"font-weight: 400;\">Tener formaci\u00f3n demostrable en el \u00e1mbito de las redes sociales.\u00a0<\/span><\/li>\n<\/ol>\n<p><b>PROCESO DE SELECCI\u00d3N: <\/b><span style=\"font-weight: 400;\">CONCURSO-OPOSICI\u00d3N<\/span><\/p>\n<p><b>RETRIBUCIONES:<\/b> <span style=\"font-weight: 400;\">La persona contratada percibir\u00e1 la cantidad de 1.500 \u20ac brutos mensuales m\u00e1s pagas extras.\u00a0<\/span><\/p>\n<p><b>SOLICITUDES: <\/b><span style=\"font-weight: 400;\">Las solicitudes en las que los aspirantes har\u00e1n constar que re\u00fanen las condiciones exigidas en las presentes bases generales, se presentar\u00e1n en el registro de entrada de este Ayuntamiento, ajustadas al modelo de instancia que se facilitar\u00e1 al efecto, en horas y d\u00edas h\u00e1biles de oficina, hasta las <\/span><b>14:00 horas del d\u00eda 5 de diciembre del 2024<\/b><span style=\"font-weight: 400;\"> a la que habr\u00e1 que acompa\u00f1ar la documentaci\u00f3n acreditativa del cumplimiento de los requisitos necesarios para ser admitidos, as\u00ed como la de aquella que el aspirante pretenda que sea valorada por el Tribunal, en la fase de concurso.<\/span><\/p>\n<p><span style=\"color: #ff0000;\"><strong>Bases de participaci\u00f3n<\/strong><\/span>: <a href=\"http:\/\/www.herreradelduque.com\/wp-content\/uploads\/2024\/11\/BASES-PLAZA-DINAMIZACION-CULTURAL-SOCIAL-Y-CULTURAL-2024-pdf.io_.pdf\">descargar documento<\/a><\/p>\n","protected":false},"excerpt":{"rendered":"<p>Consulta las bases de esta nueva plaza de empleo de T&eacute;cnico de Dinamizaci&oacute;n Sociocultural&#8230;<\/p>\n","protected":false},"author":1,"featured_media":5715374,"comment_status":"closed","ping_status":"closed","sticky":false,"template":"","format":"standard","meta":[],"categories":[106,11],"tags":[],"_links":{"self":[{"href":"https:\/\/www.herreradelduque.com\/en\/wp-json\/wp\/v2\/posts\/5715371"}],"collection":[{"href":"https:\/\/www.herreradelduque.com\/en\/wp-json\/wp\/v2\/posts"}],"about":[{"href":"https:\/\/www.herreradelduque.com\/en\/wp-json\/wp\/v2\/types\/post"}],"author":[{"embeddable":true,"href":"https:\/\/www.herreradelduque.com\/en\/wp-json\/wp\/v2\/users\/1"}],"replies":[{"embeddable":true,"href":"https:\/\/www.herreradelduque.com\/en\/wp-json\/wp\/v2\/comments?post=5715371"}],"version-history":[{"count":1,"href":"https:\/\/www.herreradelduque.com\/en\/wp-json\/wp\/v2\/posts\/5715371\/revisions"}],"predecessor-version":[{"id":5715376,"href":"https:\/\/www.herreradelduque.com\/en\/wp-json\/wp\/v2\/posts\/5715371\/revisions\/5715376"}],"wp:featuredmedia":[{"embeddable":true,"href":"https:\/\/www.herreradelduque.com\/en\/wp-json\/wp\/v2\/media\/5715374"}],"wp:attachment":[{"href":"https:\/\/www.herreradelduque.com\/en\/wp-json\/wp\/v2\/media?parent=5715371"}],"wp:term":[{"taxonomy":"category","embeddable":true,"href":"https:\/\/www.herreradelduque.com\/en\/wp-json\/wp\/v2\/categories?post=5715371"},{"taxonomy":"post_tag","embeddable":true,"href":"https:\/\/www.herreradelduque.com\/en\/wp-json\/wp\/v2\/tags?post=5715371"}],"curies":[{"name":"wp","href":"https:\/\/api.w.org\/{rel}","templated":true}]}}