{"id":5715563,"date":"2024-12-10T12:04:39","date_gmt":"2024-12-10T11:04:39","guid":{"rendered":"https:\/\/www.herreradelduque.com\/?p=5715563"},"modified":"2024-12-10T12:04:39","modified_gmt":"2024-12-10T11:04:39","slug":"xi-certamen-de-cuentos-navidenos-2024","status":"publish","type":"post","link":"https:\/\/www.herreradelduque.com\/en\/xi-certamen-de-cuentos-navidenos-2024\/","title":{"rendered":"XI Certamen de Cuentos Navide\u00f1os 2024"},"content":{"rendered":"<p>Consulta las bases de este certamen<!--more--><\/p>\n<p><span style=\"font-weight: 400;\">Al objeto de contribuir a fomentar la creatividad, a ejercitar las habilidades de la lengua escrita, el dibujo, el h\u00e1bito lector y la participaci\u00f3n en actividades educativo-culturales y colectivas, el Ayuntamiento de Herrera del Duque, dentro de su actividad de fomento cultural, convoca el <\/span><b><i>XI CERTAMEN DE CUENTOS NAVIDE\u00d1OS 2024,<\/i><\/b><span style=\"font-weight: 400;\"> de acuerdo con las siguientes:<\/span><\/p>\n<p><b>BASES<\/b><\/p>\n<p><b>PRIMERA. &#8211; Participantes y modalidades.\u00a0<\/b><\/p>\n<p><span style=\"font-weight: 400;\">\u00a0Podr\u00e1n participar en el concurso todos los ni\u00f1os y ni\u00f1as del C.E.I.P. Fray Juan de Herrera, en base a las siguientes modalidades:<\/span><\/p>\n<p><span style=\"font-weight: 400;\">1\u00ba y 2\u00ba de primaria<\/span><\/p>\n<p><span style=\"font-weight: 400;\">3\u00ba y 4\u00ba de primaria<\/span><\/p>\n<p><span style=\"font-weight: 400;\">5\u00ba y 6\u00ba de primaria<\/span><\/p>\n<p><span style=\"font-weight: 400;\">El tema propuesto para el presente Certamen ser\u00e1: <\/span><b>CUENTO DE NAVIDAD<\/b><span style=\"font-weight: 400;\"> y podr\u00e1 ir acompa\u00f1ado de alguna ilustraci\u00f3n en cualquiera de sus modalidades.<\/span><\/p>\n<p><b>SEGUNDA. &#8211;\u00a0 Caracter\u00edsticas de la obra<\/b><\/p>\n<p><span style=\"font-weight: 400;\">Los trabajos deber\u00e1n ser originales e in\u00e9ditos. Su presentaci\u00f3n deber\u00e1 atenerse a las siguientes caracter\u00edsticas:<\/span><\/p>\n<ul>\n<li style=\"font-weight: 400;\" aria-level=\"1\"><span style=\"font-weight: 400;\">Folio DIN A-4 blanco, a una sola cara. En el reverso deber\u00e1n aparecer los datos personales del autor\/a (nombre y apellidos, direcci\u00f3n y tel\u00e9fono de contacto). Solo ser\u00e1 admitido un trabajo por autor\/a.<\/span><\/li>\n<li style=\"font-weight: 400;\" aria-level=\"1\"><span style=\"font-weight: 400;\">Deber\u00e1 entregarse en sobre cerrado, indicando en el mismo <\/span><b><i>CERTAMEN DE CUENTOS NAVIDE\u00d1OS 2024<\/i><\/b><i><span style=\"font-weight: 400;\"> y el curso acad\u00e9mico al que pertenece el autor\/a.<\/span><\/i><\/li>\n<li style=\"font-weight: 400;\" aria-level=\"1\"><span style=\"font-weight: 400;\">Su presentaci\u00f3n deber\u00e1 realizarse en la Biblioteca Municipal o en la Universidad Popular, hasta las 13.00 horas del 19 de diciembre.<\/span><\/li>\n<li style=\"font-weight: 400;\" aria-level=\"1\"><span style=\"font-weight: 400;\">Todos los trabajos quedar\u00e1n en propiedad de la Biblioteca Municipal, que se reserva el derecho a su reproducci\u00f3n o difusi\u00f3n sin \u00e1nimo de lucro y sin que ello suponga o sean exigibles derechos de autor.<\/span><\/li>\n<\/ul>\n<p><b>TERCERA. \u2013 Fallo del Jurado\u00a0<\/b><\/p>\n<p><span style=\"font-weight: 400;\">El jurado estar\u00e1 compuesto por miembros del Club de Lectura de Adultos de la Biblioteca Municipal.\u00a0<\/span><\/p>\n<p><span style=\"font-weight: 400;\">El nombre de los ganadores ser\u00e1 publicado en p\u00e1gina web y redes sociales del Ayuntamiento de Herrera del Duque y en las librer\u00edas colaboradoras.<\/span><\/p>\n<p><b>CUARTA. &#8211; Premios.<\/b><\/p>\n<p><span style=\"font-weight: 400;\">El premio, en cada modalidad, consistir\u00e1 en un lote de material donado por las librer\u00edas colaboradoras en el Certamen.<\/span><\/p>\n<p><span style=\"font-weight: 400;\">Los premios podr\u00edan quedar desiertos si, a juicio del jurado, las obras no presentasen la calidad necesaria.<\/span><\/p>\n<p><b>QUINTA. &#8211; Aceptaci\u00f3n de las bases.<\/b><\/p>\n<p><span style=\"font-weight: 400;\">La participaci\u00f3n en el Certamen supone la aceptaci\u00f3n de las presentes bases en su totalidad, por lo que las decisiones del jurado ser\u00e1n inapelables.<\/span><\/p>\n<p><b>SEXTA. &#8211; Organizaci\u00f3n y patrocinio.<\/b><\/p>\n<p><b>Organiza. &#8211; <\/b><span style=\"font-weight: 400;\">Ayuntamiento de Herrera del Duque.<\/span><\/p>\n<p><b>Patrocina. &#8211; <\/b><span style=\"font-weight: 400;\">Imprenta Librer\u00eda Calero.<\/span><b>\u00a0<\/b><\/p>\n","protected":false},"excerpt":{"rendered":"<p>Consulta las bases de este certamen<\/p>\n","protected":false},"author":1,"featured_media":5681954,"comment_status":"closed","ping_status":"closed","sticky":false,"template":"","format":"standard","meta":[],"categories":[9],"tags":[],"_links":{"self":[{"href":"https:\/\/www.herreradelduque.com\/en\/wp-json\/wp\/v2\/posts\/5715563"}],"collection":[{"href":"https:\/\/www.herreradelduque.com\/en\/wp-json\/wp\/v2\/posts"}],"about":[{"href":"https:\/\/www.herreradelduque.com\/en\/wp-json\/wp\/v2\/types\/post"}],"author":[{"embeddable":true,"href":"https:\/\/www.herreradelduque.com\/en\/wp-json\/wp\/v2\/users\/1"}],"replies":[{"embeddable":true,"href":"https:\/\/www.herreradelduque.com\/en\/wp-json\/wp\/v2\/comments?post=5715563"}],"version-history":[{"count":1,"href":"https:\/\/www.herreradelduque.com\/en\/wp-json\/wp\/v2\/posts\/5715563\/revisions"}],"predecessor-version":[{"id":5715564,"href":"https:\/\/www.herreradelduque.com\/en\/wp-json\/wp\/v2\/posts\/5715563\/revisions\/5715564"}],"wp:featuredmedia":[{"embeddable":true,"href":"https:\/\/www.herreradelduque.com\/en\/wp-json\/wp\/v2\/media\/5681954"}],"wp:attachment":[{"href":"https:\/\/www.herreradelduque.com\/en\/wp-json\/wp\/v2\/media?parent=5715563"}],"wp:term":[{"taxonomy":"category","embeddable":true,"href":"https:\/\/www.herreradelduque.com\/en\/wp-json\/wp\/v2\/categories?post=5715563"},{"taxonomy":"post_tag","embeddable":true,"href":"https:\/\/www.herreradelduque.com\/en\/wp-json\/wp\/v2\/tags?post=5715563"}],"curies":[{"name":"wp","href":"https:\/\/api.w.org\/{rel}","templated":true}]}}