{"id":5722199,"date":"2025-10-23T17:08:04","date_gmt":"2025-10-23T15:08:04","guid":{"rendered":"https:\/\/www.herreradelduque.com\/?p=5722199"},"modified":"2025-10-27T17:11:26","modified_gmt":"2025-10-27T16:11:26","slug":"x-edicion-concurso-de-chaquetias-2025","status":"publish","type":"post","link":"https:\/\/www.herreradelduque.com\/en\/x-edicion-concurso-de-chaquetias-2025\/","title":{"rendered":"X Edici\u00f3n del Concurso de Chaquet\u00edas 2025"},"content":{"rendered":"<p>Consulta las bases de este tradicional concurso <!--more--><\/p>\n<h3><strong>Bases de Participaci\u00f3n<\/strong><\/h3>\n<ol>\n<li><b> OBJETIVO-<\/b><span style=\"font-weight: 400;\"> El Ayuntamiento de Herrera del Duque convoca <\/span><b>la X edici\u00f3n del Concurso de Chaquet\u00edas<\/b><span style=\"font-weight: 400;\"> de Herrera del Duque, con el objetivo de conservar, promover y fomentar nuestras costumbres y tradiciones populares.\n<p><\/span><\/li>\n<li><b> PARTICIPANTES-<\/b><span style=\"font-weight: 400;\"> Podr\u00e1 participar en el Concurso toda aquella persona que lo desee, siempre que no ostente un negocio relacionado con la elaboraci\u00f3n de este tipo de dulce.\n<p><\/span><\/li>\n<li><b> REQUISITOS.-<\/b><span style=\"font-weight: 400;\"> El Concurso queda abierto a aquellos dulces que se hayan elaborado de manera artesanal y tradicional, con los ingredientes propios del mismo. No formar\u00e1n parte del concurso aquellos dulces que no sean exclusivamente caseros.\n<p><\/span><\/li>\n<li><b> INSCRIPCIONES.\u2013<\/b><span style=\"font-weight: 400;\"> Las inscripciones se realizar\u00e1n en la Universidad Popular (Palacio de la Cultura)\u00a0 hasta el <\/span><b><i>mi\u00e9rcoles\u00a0 29\u00a0 de octubre<\/i><\/b><span style=\"font-weight: 400;\">, los d\u00edas laborables, en horario de 10:00h a 14:00h.\n<p><\/span><\/li>\n<li><b> FORMA Y LUGAR DE PRESENTACI\u00d3N. &#8211;<\/b><span style=\"font-weight: 400;\"> Los dulces que se presenten a concurso se entregar\u00e1n ya elaborados en el Palacio de la Cultura el<\/span> <b><i>jueves 30 de octubre<\/i><\/b><span style=\"font-weight: 400;\"> en horario de 15:30h a 16:30h y la visita del jurado se realizar\u00e1 ese mismo d\u00eda a las 17:30 horas para su degustaci\u00f3n y fallo.\n<p><\/span><\/li>\n<li><b> PROCEDIMIENTO.-<\/b><span style=\"font-weight: 400;\">A cada participante se le asignar\u00e1 un n\u00famero con el que se identificar\u00e1 cada plato. Los miembros del jurado valorar\u00e1n tanto sabor, elaboraci\u00f3n como presentaci\u00f3n.\n<p><\/span><\/li>\n<li><b> NOMBRAMIENTO DEL JURADO.-<\/b><span style=\"font-weight: 400;\">El jurado estar\u00e1 compuesto por profesionales del sector de la panader\u00eda-reposter\u00eda de nuestra localidad.\n<p><\/span><\/li>\n<li><b> PREMIO.-<\/b><\/li>\n<\/ol>\n<p style=\"padding-left: 40px;\"><span style=\"font-weight: 400;\">Habr\u00e1 un primer y \u00fanico premio, por importe de ciento cincuenta euros (150\u20ac)\u00a0 para el\u00a0 <\/span><b>X Concurso de Chaquet\u00edas 2025<\/b><span style=\"font-weight: 400;\">.<\/span><\/p>\n<p style=\"padding-left: 40px;\"><span style=\"font-weight: 400;\"> Por otro lado, en esta edici\u00f3n, habr\u00e1 una asignaci\u00f3n de cincuenta euros (50\u20ac) para cada uno de los participantes que no obtengan el primer y \u00fanico premio del Concurso.<\/span><\/p>\n<p style=\"padding-left: 40px;\"><span style=\"font-weight: 400;\">Tanto el premio como las asignaciones ser\u00e1n otorgados el mismo d\u00eda de la visita, una vez emitido el fallo del jurado.<\/span><\/p>\n<ol start=\"9\">\n<li><b> DERECHOS Y OBLIGACIONES DE LOS PARTICIPANTES.-<\/b><span style=\"font-weight: 400;\">El hecho de participar en el concurso supone la aceptaci\u00f3n de las presentes bases y del fallo del jurado que ser\u00e1 inapelable siendo tambi\u00e9n el competente para resolver cualquier incidencia no contemplada en las presentes bases.<\/span><\/li>\n<\/ol>\n","protected":false},"excerpt":{"rendered":"<p>Consulta las bases de este tradicional concurso<\/p>\n","protected":false},"author":1,"featured_media":5691991,"comment_status":"closed","ping_status":"closed","sticky":false,"template":"","format":"standard","meta":[],"categories":[9],"tags":[],"_links":{"self":[{"href":"https:\/\/www.herreradelduque.com\/en\/wp-json\/wp\/v2\/posts\/5722199"}],"collection":[{"href":"https:\/\/www.herreradelduque.com\/en\/wp-json\/wp\/v2\/posts"}],"about":[{"href":"https:\/\/www.herreradelduque.com\/en\/wp-json\/wp\/v2\/types\/post"}],"author":[{"embeddable":true,"href":"https:\/\/www.herreradelduque.com\/en\/wp-json\/wp\/v2\/users\/1"}],"replies":[{"embeddable":true,"href":"https:\/\/www.herreradelduque.com\/en\/wp-json\/wp\/v2\/comments?post=5722199"}],"version-history":[{"count":1,"href":"https:\/\/www.herreradelduque.com\/en\/wp-json\/wp\/v2\/posts\/5722199\/revisions"}],"predecessor-version":[{"id":5722200,"href":"https:\/\/www.herreradelduque.com\/en\/wp-json\/wp\/v2\/posts\/5722199\/revisions\/5722200"}],"wp:featuredmedia":[{"embeddable":true,"href":"https:\/\/www.herreradelduque.com\/en\/wp-json\/wp\/v2\/media\/5691991"}],"wp:attachment":[{"href":"https:\/\/www.herreradelduque.com\/en\/wp-json\/wp\/v2\/media?parent=5722199"}],"wp:term":[{"taxonomy":"category","embeddable":true,"href":"https:\/\/www.herreradelduque.com\/en\/wp-json\/wp\/v2\/categories?post=5722199"},{"taxonomy":"post_tag","embeddable":true,"href":"https:\/\/www.herreradelduque.com\/en\/wp-json\/wp\/v2\/tags?post=5722199"}],"curies":[{"name":"wp","href":"https:\/\/api.w.org\/{rel}","templated":true}]}}