{"id":5722291,"date":"2025-10-30T16:14:16","date_gmt":"2025-10-30T15:14:16","guid":{"rendered":"https:\/\/www.herreradelduque.com\/?p=5722291"},"modified":"2025-10-30T16:14:16","modified_gmt":"2025-10-30T15:14:16","slug":"campana-comercio-local-2025","status":"publish","type":"post","link":"https:\/\/www.herreradelduque.com\/en\/campana-comercio-local-2025\/","title":{"rendered":"Campa\u00f1a \u00abComercio Local 2025\u00bb"},"content":{"rendered":"<p>Conoce la nueva campa\u00f1a navide\u00f1a 2025 en favor del comercio local<!--more--><span id=\"more-5714761\"><\/span><\/p>\n<p>El objeto de esta Campa\u00f1a es continuar con la labor iniciada en 2019 de dinamizar y promocionar el comercio local, creando un sentido de identidad y marca, sinergias entre instituciones y comercio en aras de favorecer su crecimiento junto con otras actuaciones puestas en marcha con estos mismos objetivos de dinamizaci\u00f3n, promoci\u00f3n y digitalizaci\u00f3n empresarial del municipio.<\/p>\n<p>Los ejes principales que contiene el proyecto de dinamizaci\u00f3n del comercio local son los siguientes:<\/p>\n<ol>\n<li>Impulsar el sector comercio y promover el consumo dentro del Municipio.<\/li>\n<li>Ayudar a innovar y mejorar a los comerciantes en sus establecimientos.<\/li>\n<li>Revitalizar a trav\u00e9s de campa\u00f1as temporales que se realizar\u00e1n todo el a\u00f1o.<\/li>\n<li>Promover el desarrollo de las zonas comerciales.<\/li>\n<li>Fidelizar clientes y captar nuevos consumidores.<\/li>\n<li>Reforzar la imagen de marca comercial como municipio.<\/li>\n<\/ol>\n<p><span style=\"color: #0000ff;\"><strong>Bases de participaci\u00f3n<\/strong><\/span>: <a href=\"http:\/\/www.herreradelduque.com\/wp-content\/uploads\/2025\/10\/Comunicacio\u0301n_Bases-Campan\u0303a-de-Navidad-2025.pdf\">Descargar las bases<\/a><\/p>\n","protected":false},"excerpt":{"rendered":"<p>Conoce la nueva campa&ntilde;a navide&ntilde;a 2025 en favor del comercio local<\/p>\n","protected":false},"author":1,"featured_media":5722294,"comment_status":"closed","ping_status":"closed","sticky":false,"template":"","format":"standard","meta":[],"categories":[181,11],"tags":[],"_links":{"self":[{"href":"https:\/\/www.herreradelduque.com\/en\/wp-json\/wp\/v2\/posts\/5722291"}],"collection":[{"href":"https:\/\/www.herreradelduque.com\/en\/wp-json\/wp\/v2\/posts"}],"about":[{"href":"https:\/\/www.herreradelduque.com\/en\/wp-json\/wp\/v2\/types\/post"}],"author":[{"embeddable":true,"href":"https:\/\/www.herreradelduque.com\/en\/wp-json\/wp\/v2\/users\/1"}],"replies":[{"embeddable":true,"href":"https:\/\/www.herreradelduque.com\/en\/wp-json\/wp\/v2\/comments?post=5722291"}],"version-history":[{"count":1,"href":"https:\/\/www.herreradelduque.com\/en\/wp-json\/wp\/v2\/posts\/5722291\/revisions"}],"predecessor-version":[{"id":5722296,"href":"https:\/\/www.herreradelduque.com\/en\/wp-json\/wp\/v2\/posts\/5722291\/revisions\/5722296"}],"wp:featuredmedia":[{"embeddable":true,"href":"https:\/\/www.herreradelduque.com\/en\/wp-json\/wp\/v2\/media\/5722294"}],"wp:attachment":[{"href":"https:\/\/www.herreradelduque.com\/en\/wp-json\/wp\/v2\/media?parent=5722291"}],"wp:term":[{"taxonomy":"category","embeddable":true,"href":"https:\/\/www.herreradelduque.com\/en\/wp-json\/wp\/v2\/categories?post=5722291"},{"taxonomy":"post_tag","embeddable":true,"href":"https:\/\/www.herreradelduque.com\/en\/wp-json\/wp\/v2\/tags?post=5722291"}],"curies":[{"name":"wp","href":"https:\/\/api.w.org\/{rel}","templated":true}]}}