{"id":5723225,"date":"2025-12-12T11:11:53","date_gmt":"2025-12-12T10:11:53","guid":{"rendered":"https:\/\/www.herreradelduque.com\/?p=5723225"},"modified":"2025-12-12T11:11:53","modified_gmt":"2025-12-12T10:11:53","slug":"subvencion-para-la-implantacion-de-instalaciones-de-energias-renovables-termicas","status":"publish","type":"post","link":"https:\/\/www.herreradelduque.com\/en\/subvencion-para-la-implantacion-de-instalaciones-de-energias-renovables-termicas\/","title":{"rendered":"Subvenci\u00f3n para la implantaci\u00f3n de instalaciones de energ\u00edas renovables t\u00e9rmicas"},"content":{"rendered":"<p><span style=\"font-weight: 400;\">Nuestro Municipio recibe la ayuda de <\/span><b>122.564,35\u20ac <\/b><span style=\"font-weight: 400;\">dentro del P<\/span><span style=\"font-weight: 400;\">lan de Recuperaci\u00f3n, Transformaci\u00f3n y Resiliencia <\/span><span style=\"font-weight: 400;\">para la ampliaci\u00f3n de la Fuente de Energ\u00eda de la Piscina Climatizada<\/span><!--more--><\/p>\n<p><span style=\"font-weight: 400;\">Esta subvenci\u00f3n coordinada por la\u00a0 Consejer\u00eda de Agricultura, Ganader\u00eda y Desarrollo Sostenible servir\u00e1 para sustituir los subsistemas de climatizaci\u00f3n o de producci\u00f3n de ACS existentes por una nueva instalaci\u00f3n formada por un sistema de aerotermia, una red de distribuci\u00f3n que lleve a los elementos terminales la carga t\u00e9rmica mediante tuber\u00edas de agua y los elementos terminales representados por fancoils tipo mural.\u00a0<\/span><\/p>\n<p><span style=\"font-weight: 400;\">Estas ayudas tienen como finalidad cumplir con los objetivos del Plan de Recuperaci\u00f3n, Transformaci\u00f3n y Resiliencia en cuanto al despliegue e integraci\u00f3n de las energ\u00edas renovables t\u00e9rmicas, contribuyendo con ello a la \u201cdescarbonizaci\u00f3n\u201d de distintos sectores de la econom\u00eda, as\u00ed como a la consecuci\u00f3n de los objetivos fijados por el PNIEC 2021-2030; contribuyendo al mismo tiempo con los objetivos de reducci\u00f3n de emisiones y contaminantes atmosf\u00e9ricos establecidos en la Directiva 2016\/2284 del Parlamento Europeo y del Consejo, de 14 de diciembre de 2016, la Directiva 2008\/50\/CE del Parlamento Europeo y del Consejo, de 21 de mayo de 2008, y el Programa Nacional de Control de la Contaminaci\u00f3n Atmosf\u00e9rica (PNCCA) 2020-2030.\u00a0<\/span><\/p>\n","protected":false},"excerpt":{"rendered":"<p>Nuestro Municipio recibe la ayuda de 122.564,35&euro; dentro del Plan de Recuperaci&oacute;n, Transformaci&oacute;n y&#8230;<\/p>\n","protected":false},"author":1,"featured_media":5723226,"comment_status":"closed","ping_status":"closed","sticky":false,"template":"","format":"standard","meta":[],"categories":[181],"tags":[],"_links":{"self":[{"href":"https:\/\/www.herreradelduque.com\/en\/wp-json\/wp\/v2\/posts\/5723225"}],"collection":[{"href":"https:\/\/www.herreradelduque.com\/en\/wp-json\/wp\/v2\/posts"}],"about":[{"href":"https:\/\/www.herreradelduque.com\/en\/wp-json\/wp\/v2\/types\/post"}],"author":[{"embeddable":true,"href":"https:\/\/www.herreradelduque.com\/en\/wp-json\/wp\/v2\/users\/1"}],"replies":[{"embeddable":true,"href":"https:\/\/www.herreradelduque.com\/en\/wp-json\/wp\/v2\/comments?post=5723225"}],"version-history":[{"count":1,"href":"https:\/\/www.herreradelduque.com\/en\/wp-json\/wp\/v2\/posts\/5723225\/revisions"}],"predecessor-version":[{"id":5723228,"href":"https:\/\/www.herreradelduque.com\/en\/wp-json\/wp\/v2\/posts\/5723225\/revisions\/5723228"}],"wp:featuredmedia":[{"embeddable":true,"href":"https:\/\/www.herreradelduque.com\/en\/wp-json\/wp\/v2\/media\/5723226"}],"wp:attachment":[{"href":"https:\/\/www.herreradelduque.com\/en\/wp-json\/wp\/v2\/media?parent=5723225"}],"wp:term":[{"taxonomy":"category","embeddable":true,"href":"https:\/\/www.herreradelduque.com\/en\/wp-json\/wp\/v2\/categories?post=5723225"},{"taxonomy":"post_tag","embeddable":true,"href":"https:\/\/www.herreradelduque.com\/en\/wp-json\/wp\/v2\/tags?post=5723225"}],"curies":[{"name":"wp","href":"https:\/\/api.w.org\/{rel}","templated":true}]}}