{"id":5723932,"date":"2026-03-16T10:40:59","date_gmt":"2026-03-16T09:40:59","guid":{"rendered":"https:\/\/www.herreradelduque.com\/?p=5723932"},"modified":"2026-03-16T10:50:07","modified_gmt":"2026-03-16T09:50:07","slug":"ruta-senderista-sendero-de-la-dehesa","status":"publish","type":"post","link":"https:\/\/www.herreradelduque.com\/en\/ruta-senderista-sendero-de-la-dehesa\/","title":{"rendered":"Ruta Senderista |  Sendero de la Dehesa"},"content":{"rendered":"<p>Inscr\u00edbete en esta ruta<!--more--><\/p>\n<p><b>DESCRIPCI\u00d3N DE LA RUTA:<\/b><\/p>\n<p>Desde Herrera del Duque parte el Sendero de la Dehesa que invita a descubrir, paso a paso, la\u00a0esencia natural de la comarca. Este recorrido, que discurre por camino de tierra, ofrece una\u00a0amplia y privilegiada perspectiva del patrimonio natural de la zona. El sendero regala\u00a0numerosos puntos de observaci\u00f3n de fauna, donde es f\u00e1cil avistar aves, ganado e insectos,\u00a0reflejo de la rica biodiversidad que habita este entorno. El recorrido culmina en un enclave\u00a0excepcional: la Playa de Peloche, un paraje \u00fanico reconocido por cuarta vez con la Bandera\u00a0Azul, s\u00edmbolo de calidad ambiental y servicios. Este espacio cuenta con restauraci\u00f3n, ba\u00f1os,\u00a0zonas de reciclaje, mirador, merenderos, fuentes, duchas y \u00e1reas adaptadas para personas con\u00a0movilidad reducida, garantizando una experiencia c\u00f3moda, inclusiva y respetuosa con el\u00a0entorno.<\/p>\n<p><b>Aclaraci\u00f3n<\/b>: La ruta consta de 14,47km, pero la salida la haremos desde la Av. La Palmera\u00a0situada a 1,5km de la salida, por lo que habr\u00eda que sumarle 3 km m\u00e1s, entre la ida y la vuelta.<\/p>\n<p><b>LOCALIDAD<\/b>: HERRERA DEL DUQUE<\/p>\n<p><b>FECHA DE CELEBRACI\u00d3N<\/b>: 05\/09\/2026<\/p>\n<p><b>INSCRIPCI\u00d3N<\/b>:<\/p>\n<p>Importe de la inscripci\u00f3n: 0\u20ac<br \/>\nL\u00edmite de participantes: 250<\/p>\n<p><b>LUGAR DE SALIDA Y LLEGADA:<\/b><\/p>\n<p>Lugar de salida: Av. La Palmera<br \/>\nLugar de llegada: Av. La Palmera<\/p>\n<p><b>HORARIOS<\/b>:<\/p>\n<p>Horario de salida: 10:00 h<br \/>\nHorario estimado de llegada: 13:30 h<\/p>\n<div>**\ud835\ude14\u00e1\ud835\ude34 \ud835\ude10\ud835\ude15\ud835\ude0d\ud835\ude16: \ud835\ude16\ud835\ude27\ud835\ude2a\ud835\ude24\ud835\ude2a\ud835\ude2f\ud835\ude22 \ud835\ude25\ud835\ude26 \ud835\ude1b\ud835\ude36\ud835\ude33\ud835\ude2a\ud835\ude34\ud835\ude2e\ud835\ude30 924 642 769 &#8211; 621238076 | Ayuntamiento:\u00a0924 65 00 06<\/div>\n<div>\n<p>\u21e9<b>\uff29\uff2e\uff33\uff23\uff32\uff29\uff30\uff23\uff29\uff2f\uff2e\uff25\uff33<\/b>\u21e9<\/p>\n<\/div>\n<h3><span style=\"color: #ff0000;\"><strong>Inscripciones<\/strong>:<\/span> <a href=\"https:\/\/forms.gle\/6SVACVkKUbTPQZZL6\">https:\/\/forms.gle\/6SVACVkKUbTPQZZL6<\/a><\/h3>\n","protected":false},"excerpt":{"rendered":"<p>Inscr&iacute;bete en esta ruta<\/p>\n","protected":false},"author":1,"featured_media":5723933,"comment_status":"closed","ping_status":"closed","sticky":false,"template":"","format":"standard","meta":[],"categories":[9,12,13],"tags":[],"_links":{"self":[{"href":"https:\/\/www.herreradelduque.com\/en\/wp-json\/wp\/v2\/posts\/5723932"}],"collection":[{"href":"https:\/\/www.herreradelduque.com\/en\/wp-json\/wp\/v2\/posts"}],"about":[{"href":"https:\/\/www.herreradelduque.com\/en\/wp-json\/wp\/v2\/types\/post"}],"author":[{"embeddable":true,"href":"https:\/\/www.herreradelduque.com\/en\/wp-json\/wp\/v2\/users\/1"}],"replies":[{"embeddable":true,"href":"https:\/\/www.herreradelduque.com\/en\/wp-json\/wp\/v2\/comments?post=5723932"}],"version-history":[{"count":4,"href":"https:\/\/www.herreradelduque.com\/en\/wp-json\/wp\/v2\/posts\/5723932\/revisions"}],"predecessor-version":[{"id":5723938,"href":"https:\/\/www.herreradelduque.com\/en\/wp-json\/wp\/v2\/posts\/5723932\/revisions\/5723938"}],"wp:featuredmedia":[{"embeddable":true,"href":"https:\/\/www.herreradelduque.com\/en\/wp-json\/wp\/v2\/media\/5723933"}],"wp:attachment":[{"href":"https:\/\/www.herreradelduque.com\/en\/wp-json\/wp\/v2\/media?parent=5723932"}],"wp:term":[{"taxonomy":"category","embeddable":true,"href":"https:\/\/www.herreradelduque.com\/en\/wp-json\/wp\/v2\/categories?post=5723932"},{"taxonomy":"post_tag","embeddable":true,"href":"https:\/\/www.herreradelduque.com\/en\/wp-json\/wp\/v2\/tags?post=5723932"}],"curies":[{"name":"wp","href":"https:\/\/api.w.org\/{rel}","templated":true}]}}