{"id":5730399,"date":"2026-09-01T10:40:04","date_gmt":"2026-09-01T08:40:04","guid":{"rendered":"https:\/\/www.herreradelduque.com\/?p=5730399"},"modified":"2026-09-01T10:40:04","modified_gmt":"2026-09-01T08:40:04","slug":"convocatoria-del-1o-premio-de-poesia-en-esperanto-miguel-fernandez-2027","status":"publish","type":"post","link":"https:\/\/www.herreradelduque.com\/en\/convocatoria-del-1o-premio-de-poesia-en-esperanto-miguel-fernandez-2027\/","title":{"rendered":"Convocatoria del 1\u00ba premio de poes\u00eda en esperanto \u201cMiguel Fern\u00e1ndez\u201d 2027"},"content":{"rendered":"<p>El Excmo. Ayuntamiento de Herrera del Duque, a propuesta de su Alcalde-Presidente, Don Saturnino Alc\u00e1zar Vaquerizo, y en colaboraci\u00f3n con la Federaci\u00f3n Espa\u00f1ola de Esperanto y la Fundaci\u00f3n Esperanto, convoca el 1\u00ba Premio de Poes\u00eda en Esperanto \u201cMiguel Fern\u00e1ndez\u201d, 2027.<!--more--><\/p>\n<h2>1. OBJETO<\/h2>\n<p>El objeto de esta convocatoria es potenciar la creaci\u00f3n po\u00e9tica en el idioma internacional Esperanto, contribuyendo con ello al dinamismo y desarrollo de la cultura y la literatura del Esperanto y a reconocer la labor desarrollada por autores de todo el mundo que eligen el idioma internacional Esperanto con el prop\u00f3sito de fomentar, conservar, promocionar y ensalzar la cultura y la relaci\u00f3n fraternal entre todos los pueblos y naciones del mundo.<\/p>\n<h2>2. DESTINATARIOS<\/h2>\n<p>Esta convocatoria est\u00e1 dirigida a autores de cualquier nacionalidad o residencia, mayores de 18 a\u00f1os.<\/p>\n<p>No podr\u00e1n participar aquellas personas que formen parte del jurado.<\/p>\n<h2>3. PREMIO<\/h2>\n<p>Se otorgar\u00e1 un \u00fanico premio de 900,00 euros y un trofeo.<\/p>\n<p>El premio ser\u00e1 indivisible.<\/p>\n<h2>4. REQUISITOS DE LOS TRABAJOS A PRESENTAR<\/h2>\n<p>El autor\/a podr\u00e1 presentar tres poemas como m\u00e1ximo de tem\u00e1tica libre.<\/p>\n<p>Los trabajos deber\u00e1n ser originales, in\u00e9ditos y estar escritos en Esperanto y tener una extensi\u00f3n m\u00e1xima de 200 versos (en formato DIN A-4) con interlineado 1,5 en letra Times New Roman o Arial tama\u00f1o 12. Las p\u00e1ginas ir\u00e1n numeradas.<\/p>\n<p>El poema que se presente debe cumplir las siguientes condiciones: no haber sido premiado en otro concurso ni hallarse pendiente de fallo en cualquier otro premio, ni comprometido con editorial alguna, ni haber sido dado a conocer por los medios de difusi\u00f3n actuales (revistas, libros, redes sociales, etc).<\/p>\n<h2>5. FORMA DE PRESENTACI\u00d3N<\/h2>\n<p>La propuesta de participaci\u00f3n se presentar\u00e1 por el autor\/a y se remitir\u00e1 \u00fanica y exclusivamente online a la direcci\u00f3n de correo electr\u00f3nico del Secretario del Premio, que en esta edici\u00f3n es Javier Romero Tello:<\/p>\n<p><strong><a href=\"mailto:poeziapremiomiguelfernandez@gmail.com\">poeziapremiomiguelfernandez@gmail.com<\/a><\/strong><\/p>\n<p>En el mismo correo de participaci\u00f3n se deber\u00e1:<\/p>\n<p>a) Cargar el poema, en formato PDF, con el t\u00edtulo y el pseud\u00f3nimo del autor.<\/p>\n<p>b) Cumplimentar, en otro PDF, los datos personales: nombre, apellidos, direcci\u00f3n, tel\u00e9fono, DNI o documento que acredite la identidad del participante etc. Y se adjuntar\u00e1 un breve Curr\u00edculum Vitae indicando una nota biobibliogr\u00e1fica.<\/p>\n<p>El Secretario proteger\u00e1 la autor\u00eda de las obras, garantizando el anonimato y la transparencia del proceso de deliberaci\u00f3n.<\/p>\n<h2>6. PLAZO DE PRESENTACI\u00d3N DE LAS OBRAS<\/h2>\n<p>El plazo de participaci\u00f3n en el 1\u00ba Premio de Poes\u00eda en Esperanto \u201cMiguel Fern\u00e1ndez\u201d 2027, comienza a partir del d\u00eda siguiente a la publicaci\u00f3n del extracto de la presente convocatoria en la p\u00e1gina web del Ayuntamiento de Herrera del Duque y\/o en los medios de difusi\u00f3n de la Federaci\u00f3n Espa\u00f1ola de Esperanto y la Fundaci\u00f3n Esperanto, as\u00ed como las propias que se creen para el evento por parte del Secretario, y finaliza el 1 de junio de 2027, a las 23:59 horas (Espa\u00f1a peninsular).<\/p>\n<p>El Excmo. Ayuntamiento de Herrera del Duque se reserva la posibilidad de suspender el certamen siempre que existan causas mayores debidamente justificadas y ajenas a la organizaci\u00f3n.<\/p>\n<h2>7. JURADO<\/h2>\n<p>El jurado estar\u00e1 compuesto por el Alcalde-Presidente del Excmo. Ayuntamiento de Herrera del Duque, que actuar\u00e1 de Presidente Honor\u00edfico del mismo o persona en quien delegue, y personalidades literarias de reconocido prestigio dentro del mundo del Esperanto, cuyos nombres se dar\u00e1n a conocer oportunamente.<\/p>\n<p>Previamente al fallo del jurado, una comisi\u00f3n de lectura, en la que uno de sus miembros es a la vez jurado, seleccionar\u00e1 un m\u00e1ximo de diez obras finalistas de entre todos los originales presentados.<\/p>\n<p>El jurado ser\u00e1 designado por la Federaci\u00f3n Espa\u00f1ola de Esperanto y la Fundaci\u00f3n Esperanto.<\/p>\n<p>El ganador del Premio se compromete a ser parte del Jurado de la pr\u00f3xima edici\u00f3n.<\/p>\n<p>El premio se conceder\u00e1 atendiendo a la calidad formal de las creaciones po\u00e9ticas, la capacidad del autor para crear mensajes o im\u00e1genes abiertamente po\u00e9ticas, mensajes que contengan reflexiones \u00e9ticas, sociales, filos\u00f3ficas, etc. La belleza de la elecci\u00f3n de las palabras y su construcci\u00f3n, la estructura de la obra, profundidad de sus reflexiones, discursos o intenciones y las elecciones de tem\u00e1ticas que vislumbren originalidad.<\/p>\n<p>La Concejal\u00eda de Cultura del Ayuntamiento de Herrera del Duque llevar\u00e1 a cabo la instrucci\u00f3n del expediente.<\/p>\n<p>El plazo m\u00e1ximo para resolver la concesi\u00f3n del premio ser\u00e1 de aproximadamente dos meses, una vez finalizado el plazo de presentaci\u00f3n de las obras.<\/p>\n<p>La notificaci\u00f3n de la concesi\u00f3n del premio al ganador se har\u00e1 durante el mismo acto de entrega del premio en el Palacio de Cultura de Herrera del Duque durante el s\u00e1bado 4 de septiembre de 2027.<\/p>\n<p>A los autores de los diez mejores poemas seleccionados por el Jurado, se les anunciar\u00e1 con quince d\u00edas de antelaci\u00f3n para que puedan organizar su presencia en la gala de entrega del Premio. En caso de que alguno\/s de estos diez autores\/as seleccionados\/as no pueda participar, se le ofrecer\u00e1 la opci\u00f3n de que un representante recoja en su nombre el premio. Y en el supuesto caso que el ganador o ganadora del premio no pueda asistir ni pueda mandar a un representante a recoger el premio, el premio ser\u00e1 recogido, en el nombre del ganador o ganadora, por el Secretario o por alg\u00fan representante de la Federaci\u00f3n Espa\u00f1ola de Esperanto o la Fundaci\u00f3n Esperanto, para ser enviado posteriormente al ganador o ganadora.<\/p>\n<p>En el transcurso de una velada cultural el Secretario entregar\u00e1, en un sobre cerrado el nombre del autor\/a y el poema ganador, a Miguel Fern\u00e1ndez, que har\u00e1 p\u00fablico el fallo del premio que lleva su nombre. La entrega del Premio al autor\/a o representante del autor\/a ganador\/a, la realizar\u00e1 el Alcalde de Herrera del Duque.<\/p>\n<h2>8. ENTREGA DE PREMIO<\/h2>\n<p>La entrega del 1\u00ba Premio de Poes\u00eda en Esperanto \u201cMiguel Fern\u00e1ndez\u201d 2027, tendr\u00e1 lugar en un acto p\u00fablico que organizar\u00e1 el Excmo. Ayuntamiento de Herrera del Duque en el Palacio de la Cultura, tal como se ha indicado en el apartado anterior.<\/p>\n<h2>9. RETIRADA DE LAS OBRAS<\/h2>\n<p>Los originales recibidos en formato digital no premiados ser\u00e1n destruidos una vez publicado el fallo del jurado. La organizaci\u00f3n del Premio de Poes\u00eda agradecer\u00e1 a todos los participantes, tanto al ganador\/a como a los que no resultaron premiados, su participaci\u00f3n en el 1\u00ba Premio \u201cMiguel Fern\u00e1ndez\u201d de Poes\u00eda en Esperanto.<\/p>\n<h2>10. PUBLICACI\u00d3N DE LAS OBRAS<\/h2>\n<p>Se buscar\u00e1 publicitar la obra ganadora por todos los medios posibles tanto por parte del Ayuntamiento de Herrera del Duque, como de la Federaci\u00f3n Espa\u00f1ola de Esperanto y la Fundaci\u00f3n de Esperanto haciendo rese\u00f1ar que ha sido galardonada con el 1\u00ba Premio de Poes\u00eda en Esperanto \u201cMiguel Fern\u00e1ndez\u201d, entregado por el Ayuntamiento de Herrera del Duque en colaboraci\u00f3n con la Federaci\u00f3n Espa\u00f1ola de Esperanto y la Fundaci\u00f3n Esperanto.<\/p>\n<p>As\u00ed mismo, el poema ganador ser\u00e1 publicado en la prestigiosa revista de literatura en Esperanto Beletra Almanako.<\/p>\n<h2>11. PUBLICIDAD<\/h2>\n<p>De conformidad con lo dispuesto en la Ley 38\/2003, de 17 de noviembre, General de Subvenciones, la presente convocatoria ser\u00e1 objeto de publicaci\u00f3n en la Base de Datos Nacional de Subvenciones (BDNS) y en la p\u00e1gina web municipal, (<a href=\"http:\/\/www.herreradelduque.com\/\">www.herreradelduque.com<\/a>).<\/p>\n<h2>12. PROTECCI\u00d3N DE DATOS<\/h2>\n<p>En el cumplimiento de los dispuesto en el Reglamento (UE) 2016\/679 del Parlamento Europeo y del Consejo, de 27 de abril de 2016, relativo a la protecci\u00f3n de las personas f\u00edsicas en lo que respecta al tratamiento de datos personales y a la libre circulaci\u00f3n de estos datos y a la Ley Org\u00e1nica 3\/2018, de 5 de diciembre, de Protecci\u00f3n de Datos Personales, y garant\u00eda de los derechos digitales, le informamos de que todos los datos de car\u00e1cter personal que se obtengan ser\u00e1n incorporados y tratados de forma confidencial en el Registro de Actividades de este Excmo. Ayuntamiento, cuya finalidad ser\u00e1 la de gestionar correctamente la convocatoria del 1\u00ba Premio de Poes\u00eda en Esperanto \u201cMiguel Fern\u00e1ndez\u201d 2027. Asimismo, los datos obtenidos en esta instancia podr\u00e1n ser utilizados, salvaguardando su identidad, para la realizaci\u00f3n de estad\u00edsticas internas. Los datos del ganador, as\u00ed como la entrega de premios, aparecer\u00e1n en los distintos medios de comunicaci\u00f3n, as\u00ed como en las distintas RRSS, con difusi\u00f3n de im\u00e1genes fotogr\u00e1ficas y v\u00eddeos.<\/p>\n<p>De igual forma, se informa que se podr\u00e1n ejercitar en cualquier momento los derechos de acceso, rectificaci\u00f3n, supresi\u00f3n, limitaci\u00f3n de tratamiento, portabilidad y oposici\u00f3n, en los t\u00e9rminos establecidos en la legislaci\u00f3n vigente, para lo que podr\u00e1n dirigirse por escrito, en caso de que lo encontrara necesario, a la direcci\u00f3n <strong><a href=\"mailto:dpd@herreradelduque.com\">dpd@herreradelduque.com<\/a><\/strong> con la referencia \u201cProtecci\u00f3n de datos\u201d.<\/p>\n<h2>13. OBLIGACIONES DEL AUTOR PREMIADO<\/h2>\n<p>Con car\u00e1cter previo al pago del premio, la Concejal\u00eda de Cultura del Excmo. Ayuntamiento de Herrera del Duque requerir\u00e1 del autor premiado, que entregue la siguiente documentaci\u00f3n:<\/p>\n<ul>\n<li>Fotocopia del Documento Nacional de Identidad o del que, en su caso, le sustituya legalmente.<\/li>\n<li>La entrega del premio se realizar\u00e1 de la forma que as\u00ed lo estipule la Concejal\u00eda de Cultura del Ayuntamiento de Herrera del Duque.<\/li>\n<\/ul>\n<h2>14. NORMA FINAL<\/h2>\n<p>La participaci\u00f3n en esta convocatoria implica la aceptaci\u00f3n de su contenido y del fallo del jurado, que ser\u00e1 inapelable. Cualquier anomal\u00eda o duda que pueda surgir en el proceso de selecci\u00f3n, deliberaci\u00f3n y concesi\u00f3n del premio podr\u00e1 ser estudiada, interpretada y solucionada por el Jurado, que se reserva el derecho de tomar iniciativas no reflejadas en la convocatoria siempre que contribuyan al mejor desarrollo de la misma.<\/p>\n","protected":false},"excerpt":{"rendered":"<p>El Excmo. Ayuntamiento de Herrera del Duque, a propuesta de su Alcalde-Presidente, Don Saturnino&#8230;<\/p>\n","protected":false},"author":1,"featured_media":5730400,"comment_status":"closed","ping_status":"closed","sticky":false,"template":"","format":"standard","meta":[],"categories":[9],"tags":[],"_links":{"self":[{"href":"https:\/\/www.herreradelduque.com\/en\/wp-json\/wp\/v2\/posts\/5730399"}],"collection":[{"href":"https:\/\/www.herreradelduque.com\/en\/wp-json\/wp\/v2\/posts"}],"about":[{"href":"https:\/\/www.herreradelduque.com\/en\/wp-json\/wp\/v2\/types\/post"}],"author":[{"embeddable":true,"href":"https:\/\/www.herreradelduque.com\/en\/wp-json\/wp\/v2\/users\/1"}],"replies":[{"embeddable":true,"href":"https:\/\/www.herreradelduque.com\/en\/wp-json\/wp\/v2\/comments?post=5730399"}],"version-history":[{"count":1,"href":"https:\/\/www.herreradelduque.com\/en\/wp-json\/wp\/v2\/posts\/5730399\/revisions"}],"predecessor-version":[{"id":5730402,"href":"https:\/\/www.herreradelduque.com\/en\/wp-json\/wp\/v2\/posts\/5730399\/revisions\/5730402"}],"wp:featuredmedia":[{"embeddable":true,"href":"https:\/\/www.herreradelduque.com\/en\/wp-json\/wp\/v2\/media\/5730400"}],"wp:attachment":[{"href":"https:\/\/www.herreradelduque.com\/en\/wp-json\/wp\/v2\/media?parent=5730399"}],"wp:term":[{"taxonomy":"category","embeddable":true,"href":"https:\/\/www.herreradelduque.com\/en\/wp-json\/wp\/v2\/categories?post=5730399"},{"taxonomy":"post_tag","embeddable":true,"href":"https:\/\/www.herreradelduque.com\/en\/wp-json\/wp\/v2\/tags?post=5730399"}],"curies":[{"name":"wp","href":"https:\/\/api.w.org\/{rel}","templated":true}]}}